{"id":12034,"date":"2021-03-30T17:15:28","date_gmt":"2021-03-30T20:15:28","guid":{"rendered":"https:\/\/tvc16.com\/portal\/?p=12034"},"modified":"2021-03-30T17:15:30","modified_gmt":"2021-03-30T20:15:30","slug":"cni-sugere-acoes-para-tornar-industria-mais-competitiva-na-exportacao","status":"publish","type":"post","link":"https:\/\/tvc16.com\/portal\/2021\/03\/30\/cni-sugere-acoes-para-tornar-industria-mais-competitiva-na-exportacao\/","title":{"rendered":"CNI sugere a\u00e7\u00f5es para tornar ind\u00fastria mais competitiva na exporta\u00e7\u00e3o"},"content":{"rendered":"\n<h3 class=\"wp-block-heading\">Agenda internacional da CNI prop\u00f5e 111 medidas divididas em 4 eixos<\/h3>\n\n\n\n<h4 class=\"wp-block-heading\">Por Pedro Peduzzi &#8211; Rep\u00f3rter da Ag\u00eancia Brasil &#8211; Bras\u00edlia<\/h4>\n\n\n\n<p>A Confedera\u00e7\u00e3o Nacional da Ind\u00fastria (CNI) apresentou hoje (30) uma lista com 111 medidas que, segundo a entidade, podem ajudar o setor a recuperar a competitividade no com\u00e9rcio exterior. As propostas est\u00e3o divididas em quatro eixos: pol\u00edtica comercial, servi\u00e7os de apoio \u00e0 internacionaliza\u00e7\u00e3o, a\u00e7\u00f5es em mercados estrat\u00e9gicos e coopera\u00e7\u00e3o internacional.<img decoding=\"async\" src=\"https:\/\/agenciabrasil.ebc.com.br\/ebc.png?id=1405410&amp;o=node\"><img decoding=\"async\" src=\"https:\/\/agenciabrasil.ebc.com.br\/ebc.gif?id=1405410&amp;o=node\"><\/p>\n\n\n\n<p>Segundo a CNI, o Brasil passa por \u201cum dos piores momentos hist\u00f3ricos em seu com\u00e9rcio de produtos industrializados com o mundo\u201d, uma vez que a participa\u00e7\u00e3o dos bens industriais na pauta exportadora do pa\u00eds atingiu, em 2020, \u201co pior n\u00edvel em 44 anos\u201d.<\/p>\n\n\n\n<p>\u201cNa \u00faltima d\u00e9cada tivemos quase US$ 40 bilh\u00f5es em perdas com exporta\u00e7\u00f5es de bens industrializados\u201d, disse o gerente de Negocia\u00e7\u00f5es Internacionais da CNI, Fabrizio Panzini. Segundo Panzini, a maior perda foi relacionada \u00e0s exporta\u00e7\u00f5es para a Am\u00e9rica Latina (-US$ 20,5 bilh\u00f5es) e para a Uni\u00e3o Europeia (-US$ 11 bilh\u00f5es).<\/p>\n\n\n\n<p>Das 111 medidas propostas na sexta edi\u00e7\u00e3o da Agenda Internacional da Ind\u00fastria, a CNI destaca 10 que considera priorit\u00e1rias para reverter a situa\u00e7\u00e3o. Uma da propostas \u00e9 o ingresso na Organiza\u00e7\u00e3o para a Coopera\u00e7\u00e3o e Desenvolvimento Econ\u00f4mico (OCDE) se \u201cmedidas compensat\u00f3rias\u201d que incluam \u201ca adequa\u00e7\u00e3o da defini\u00e7\u00e3o de subs\u00eddios, a previs\u00e3o de ado\u00e7\u00e3o de metodologias alternativas em casos de condi\u00e7\u00f5es anormais de com\u00e9rcio e mudan\u00e7a da defini\u00e7\u00e3o de ind\u00fastria dom\u00e9stica\u201d.<\/p>\n\n\n\n<p>Convidado para participar da cerim\u00f4nia virtual de lan\u00e7amento da Agenda Internacional de 2021, o secret\u00e1rio especial de Com\u00e9rcio Exterior e Assuntos Internacionais, do Minist\u00e9rio da Economia, Roberto Fendt, destacou que investiga\u00e7\u00f5es de subs\u00eddios e medidas compensat\u00f3rias s\u00e3o ferramentas importantes para a pol\u00edtica de defesa comercial do Brasil.<\/p>\n\n\n\n<p>\u201cNesse sentido, o Minist\u00e9rio da Economia est\u00e1 empenhado em viabilizar a publica\u00e7\u00e3o e colocar em vigor o novo decreto de medidas compensat\u00f3rias, t\u00e3o logo esteja conclu\u00eddo esse trabalho\u201d, adiantou o secret\u00e1rio.<\/p>\n\n\n\n<p>A Agenda Internacional da Ind\u00fastria prop\u00f5e tamb\u00e9m melhor governan\u00e7a do \u201csistema p\u00fablico de financiamento e garantias \u00e0s exporta\u00e7\u00f5es\u201d \u2013 o que, de acordo com a entidade, deve ser feito por meio do aprimoramento do Banco Nacional de Desenvolvimento Econ\u00f4mico e Social (BNDES), e de maior autonomia do Banco do Brasil para realizar as opera\u00e7\u00f5es do Programa de Financiamento \u00e0s Exporta\u00e7\u00f5es (Proex).<\/p>\n\n\n\n<h2 class=\"wp-block-heading\">Novo BNDES<\/h2>\n\n\n\n<p>A CNI defende \u201cum novo BNDES\u201d. Segundo a CNI, o governo brasileiro deve promulgar o acordo sobre a sede do Novo Banco de Desenvolvimento (NBD) e \u201csensibilizar o Legislativo sobre a necessidade de equaliza\u00e7\u00e3o do pagamento das contribui\u00e7\u00f5es brasileiras ao banco referentes aos anos de 2020 e 2021\u201d.<\/p>\n\n\n\n<p>Para a Confedera\u00e7\u00e3o da Ind\u00fastria, tamb\u00e9m \u00e9 prioridade uma reforma tribut\u00e1ria para o com\u00e9rcio exterior. Segundo a CNI, tal reforma deve assegurar a imunidade tribut\u00e1ria das exporta\u00e7\u00f5es, eliminar a cumulatividade e o res\u00edduo tribut\u00e1rio nas vendas externas, resolver a quest\u00e3o da acumula\u00e7\u00e3o de cr\u00e9ditos tribut\u00e1rios e manter os regimes aduaneiros especiais de Drawback, Regime Aduaneiro Especial de Entreposto Industrial sob Controle Aduaneiro Informatizado (Recof) e Regime Aduaneiro Especial de Entreposto Industrial sob Controle Informatizado do Sistema P\u00fablico de Escritura\u00e7\u00e3o Digital (Recof-Sped).<\/p>\n\n\n\n<p>A CNI prop\u00f5e ainda a revis\u00e3o da Lei de Lucros no Exterior com o objetivo de eliminar a tributa\u00e7\u00e3o do lucro das empresas brasileiras com investimentos. \u201cInvestir no exterior \u00e9 uma atividade estrat\u00e9gica para o Brasil e o fato de as multinacionais do pa\u00eds pagarem mais impostos que suas concorrentes no exterior faz com que o pa\u00eds deixe de ter benef\u00edcios, como aumento das exporta\u00e7\u00f5es, da inova\u00e7\u00e3o interna e da produtividade\u201d, argumenta a entidade.<\/p>\n\n\n\n<h2 class=\"wp-block-heading\">Mercosul e Uni\u00e3o Europeia<\/h2>\n\n\n\n<p>Outro destaque na agenda \u00e9 a import\u00e2ncia econ\u00f4mica do Mercosul para a ind\u00fastria nacional. A CNI prop\u00f5e a defesa de propostas para o livre com\u00e9rcio entre os pa\u00edses do bloco; a internaliza\u00e7\u00e3o de acordos de libera\u00e7\u00e3o de compras governamentais; e a amplia\u00e7\u00e3o da integra\u00e7\u00e3o externa do bloco, por meio da internaliza\u00e7\u00e3o do acordo Mercosul-Uni\u00e3o Europeia que, segundo a confedera\u00e7\u00e3o, pode aumentar em at\u00e9 20% as exporta\u00e7\u00f5es do Brasil ao bloco.<\/p>\n\n\n\n<p>A CNI aponta ainda como prioridade a conclus\u00e3o e a implementa\u00e7\u00e3o do Portal \u00danico de Com\u00e9rcio Exterior, de forma a integrar os \u00f3rg\u00e3os que autorizam as opera\u00e7\u00f5es de importa\u00e7\u00e3o e exporta\u00e7\u00e3o e seus respectivos controles.<\/p>\n\n\n\n<p>Edi\u00e7\u00e3o: N\u00e1dia Franco<\/p>\n","protected":false},"excerpt":{"rendered":"<p>Agenda internacional da CNI prop\u00f5e 111 medidas divididas em 4 eixos Por Pedro Peduzzi &#8211;<\/p>\n","protected":false},"author":2,"featured_media":12035,"comment_status":"open","ping_status":"open","sticky":false,"template":"","format":"standard","meta":{"footnotes":""},"categories":[17],"tags":[],"class_list":["post-12034","post","type-post","status-publish","format-standard","has-post-thumbnail","hentry","category-outras-noticias"],"_links":{"self":[{"href":"https:\/\/tvc16.com\/portal\/wp-json\/wp\/v2\/posts\/12034","targetHints":{"allow":["GET"]}}],"collection":[{"href":"https:\/\/tvc16.com\/portal\/wp-json\/wp\/v2\/posts"}],"about":[{"href":"https:\/\/tvc16.com\/portal\/wp-json\/wp\/v2\/types\/post"}],"author":[{"embeddable":true,"href":"https:\/\/tvc16.com\/portal\/wp-json\/wp\/v2\/users\/2"}],"replies":[{"embeddable":true,"href":"https:\/\/tvc16.com\/portal\/wp-json\/wp\/v2\/comments?post=12034"}],"version-history":[{"count":1,"href":"https:\/\/tvc16.com\/portal\/wp-json\/wp\/v2\/posts\/12034\/revisions"}],"predecessor-version":[{"id":12036,"href":"https:\/\/tvc16.com\/portal\/wp-json\/wp\/v2\/posts\/12034\/revisions\/12036"}],"wp:featuredmedia":[{"embeddable":true,"href":"https:\/\/tvc16.com\/portal\/wp-json\/wp\/v2\/media\/12035"}],"wp:attachment":[{"href":"https:\/\/tvc16.com\/portal\/wp-json\/wp\/v2\/media?parent=12034"}],"wp:term":[{"taxonomy":"category","embeddable":true,"href":"https:\/\/tvc16.com\/portal\/wp-json\/wp\/v2\/categories?post=12034"},{"taxonomy":"post_tag","embeddable":true,"href":"https:\/\/tvc16.com\/portal\/wp-json\/wp\/v2\/tags?post=12034"}],"curies":[{"name":"wp","href":"https:\/\/api.w.org\/{rel}","templated":true}]}}