{"id":12037,"date":"2021-03-30T17:16:34","date_gmt":"2021-03-30T20:16:34","guid":{"rendered":"https:\/\/tvc16.com\/portal\/?p=12037"},"modified":"2021-03-30T17:16:37","modified_gmt":"2021-03-30T20:16:37","slug":"caged-brasil-gera-mais-de-400-mil-novos-empregos-formais-em-fevereiro","status":"publish","type":"post","link":"https:\/\/tvc16.com\/portal\/2021\/03\/30\/caged-brasil-gera-mais-de-400-mil-novos-empregos-formais-em-fevereiro\/","title":{"rendered":"Caged: Brasil gera mais de 400 mil novos empregos formais em fevereiro"},"content":{"rendered":"\n<h3 class=\"wp-block-heading\">O acumulado do ano registra saldo positivo de 659.780 empregos<\/h3>\n\n\n\n<h4 class=\"wp-block-heading\">Por Andreia Verd\u00e9lio &#8211; Rep\u00f3rter da Ag\u00eancia Brasil &#8211; Bras\u00edlia<\/h4>\n\n\n\n<p>O Brasil gerou 401.639 novos postos de trabalho em fevereiro deste ano, resultado de 1.694.604 admiss\u00f5es e de 1.292.965 desligamentos de empregos com carteira assinada. O crescimento \u00e9 o maior para o m\u00eas, de acordo com o ministro da Economia, Paulo Guedes.<img decoding=\"async\" src=\"https:\/\/agenciabrasil.ebc.com.br\/ebc.png?id=1405412&amp;o=node\"><img decoding=\"async\" src=\"https:\/\/agenciabrasil.ebc.com.br\/ebc.gif?id=1405412&amp;o=node\"><\/p>\n\n\n\n<p>\u201cMais uma vez, o vigor da economia brasileira, a resili\u00eancia da economia brasileira surpreendendo as expectativas\u201d, disse, durante coletiva virtual de divulga\u00e7\u00e3o do Cadastro Geral de Empregados e Desempregados (Caged). \u201cS\u00e3o 400 mil novos empregos, recorde para o m\u00eas&nbsp;de fevereiro, \u00e9 o que indica que estamos, definitivamente, no caminho certo do ponto de vista da recupera\u00e7\u00e3o da atividade econ\u00f4mica\u201d, completou.<\/p>\n\n\n\n<p>O m\u00eas&nbsp;de fevereiro, entretanto, n\u00e3o contempla o per\u00edodo de intensifica\u00e7\u00e3o das restri\u00e7\u00f5es das atividades, impostas por diversos estados e munic\u00edpios para o enfrentamento \u00e0 nova onda de casos de covid-19. Nesse sentido, para Guedes, o foco do governo agora deve ser a vacina\u00e7\u00e3o em massa da popula\u00e7\u00e3o, \u201cprincipalmente dos 40 milh\u00f5es de brasileiros do mercado informal\u201d, que \u00e9 o grupo mais vulner\u00e1vel que foi atendido pelo aux\u00edlio emergencial do governo federal.<\/p>\n\n\n\n<p>De acordo com o ministro, cerca de 10% das novas admiss\u00f5es, 173 mil vagas, foram no setor de servi\u00e7os, que \u00e9 o mais sens\u00edvel tamb\u00e9m para a informalidade. \u201cN\u00f3s precisamos vacinar em massa para que o brasileiro informal, os quase 40 milh\u00f5es de invis\u00edveis, n\u00e3o fique nessa escolha cruel entre sair [para trabalhar] e ser abatidos pelo v\u00edrus ou ficar em casa e ser abatido pela fome\u201d, disse.<\/p>\n\n\n\n<p>Com a intensifica\u00e7\u00e3o da vacina\u00e7\u00e3o a partir do pr\u00f3ximo m\u00eas, segundo ele, a popula\u00e7\u00e3o idosa estar\u00e1 praticamente toda vacinada, \u201co que significa que deve cair vertiginosamente a taxa de \u00f3bitos\u201d por covid-19 e, ent\u00e3o, \u201cpodemos pensar no retorno seguro ao trabalho, para que impacto [na economia] dessa vez seja menos profundo do que foi o baque em abril do ano passado\u201d.<\/p>\n\n\n\n<p>O estoque de empregos formais no pa\u00eds, que \u00e9 a quantidade total de v\u00ednculos celetistas ativos, chegou a 40.022.748 v\u00ednculos, em fevereiro, o que representa uma varia\u00e7\u00e3o de 1,01% em rela\u00e7\u00e3o ao m\u00eas anterior. No acumulado de 2021, foi registrado saldo de 659.780 empregos, decorrente de 3.269.417 admiss\u00f5es e de 2.609.637 desligamentos.<\/p>\n\n\n\n<h2 class=\"wp-block-heading\">Dados isolados<\/h2>\n\n\n\n<p>No m\u00eas passado, os dados apresentam saldo positivo no n\u00edvel de emprego nos cinco grupamentos de atividades econ\u00f4micas: servi\u00e7os, com a cria\u00e7\u00e3o de 173.547 postos, distribu\u00eddo principalmente nas atividades de informa\u00e7\u00e3o, comunica\u00e7\u00e3o e atividades financeiras, imobili\u00e1rias, profissionais e administrativas; ind\u00fastria geral, que criou 93.621 novos empregos, concentrados na ind\u00fastria de transforma\u00e7\u00e3o; com\u00e9rcio, mais 68.051 postos de trabalho gerados; constru\u00e7\u00e3o, saldo positivo de 43.469 postos; e agricultura, pecu\u00e1ria, produ\u00e7\u00e3o florestal, pesca e aquicultura, que registrou 23.055 novos trabalhadores.<\/p>\n\n\n\n<p>Todas as regi\u00f5es do pa\u00eds tiveram saldo positivo na gera\u00e7\u00e3o de emprego, sendo que houve aumento de trabalho formais em 24 das 27 unidades da Federa\u00e7\u00e3o. Os destaques s\u00e3o para S\u00e3o Paulo com a abertura de 128.505 postos, aumento de 1,04%; Minas Gerais que criou 51.939 novas vagas (1,25%); e Paran\u00e1, com saldo positivo de 41.616 postos (1,50%).<\/p>\n\n\n\n<p>Os estados com saldo negativo de empregos em fevereiro s\u00e3o Amazonas, que teve o fechamento de 625 postos, queda de 0,15%, o primeiro estado a sofrer com a&nbsp;segunda&nbsp;onda da pandemia; Alagoas, com saldo negativo de 485 postos, diminui\u00e7\u00e3o de 0,14%; e Para\u00edba, que encerrou o m\u00eas menos 136 postos de trabalho formal, queda de 0,03%.<\/p>\n\n\n\n<p>Para o conjunto do territ\u00f3rio nacional, o sal\u00e1rio m\u00e9dio de admiss\u00e3o em fevereiro de 2021 foi de R$1.727,04. Comparado ao m\u00eas anterior, houve redu\u00e7\u00e3o real de R$ 47,53 no sal\u00e1rio m\u00e9dio de admiss\u00e3o, uma varia\u00e7\u00e3o negativa de 2,68%.<\/p>\n\n\n\n<p>As estat\u00edsticas completas do Caged est\u00e3o dispon\u00edveis na<a href=\"http:\/\/pdet.mte.gov.br\/novo-caged\" target=\"_blank\" rel=\"noreferrer noopener\">&nbsp;p\u00e1gina do Minist\u00e9rio da Economia<\/a>&nbsp;. Os dados tamb\u00e9m podem ser consultados no&nbsp;<a href=\"https:\/\/app.powerbi.com\/view?r=eyJrIjoiNWI5NWI0ODEtYmZiYy00Mjg3LTkzNWUtY2UyYjIwMDE1YWI2IiwidCI6IjNlYzkyOTY5LTVhNTEtNGYxOC04YWM5LWVmOThmYmFmYTk3OCJ9\" target=\"_blank\" rel=\"noreferrer noopener\">Painel de Informa\u00e7\u00f5es do Novo Caged<\/a>.<\/p>\n\n\n\n<p>Edi\u00e7\u00e3o: Claudia Felczak<\/p>\n","protected":false},"excerpt":{"rendered":"<p>O acumulado do ano registra saldo positivo de 659.780 empregos Por Andreia Verd\u00e9lio &#8211; Rep\u00f3rter<\/p>\n","protected":false},"author":2,"featured_media":12038,"comment_status":"open","ping_status":"open","sticky":false,"template":"","format":"standard","meta":{"footnotes":""},"categories":[17],"tags":[],"class_list":["post-12037","post","type-post","status-publish","format-standard","has-post-thumbnail","hentry","category-outras-noticias"],"_links":{"self":[{"href":"https:\/\/tvc16.com\/portal\/wp-json\/wp\/v2\/posts\/12037","targetHints":{"allow":["GET"]}}],"collection":[{"href":"https:\/\/tvc16.com\/portal\/wp-json\/wp\/v2\/posts"}],"about":[{"href":"https:\/\/tvc16.com\/portal\/wp-json\/wp\/v2\/types\/post"}],"author":[{"embeddable":true,"href":"https:\/\/tvc16.com\/portal\/wp-json\/wp\/v2\/users\/2"}],"replies":[{"embeddable":true,"href":"https:\/\/tvc16.com\/portal\/wp-json\/wp\/v2\/comments?post=12037"}],"version-history":[{"count":1,"href":"https:\/\/tvc16.com\/portal\/wp-json\/wp\/v2\/posts\/12037\/revisions"}],"predecessor-version":[{"id":12039,"href":"https:\/\/tvc16.com\/portal\/wp-json\/wp\/v2\/posts\/12037\/revisions\/12039"}],"wp:featuredmedia":[{"embeddable":true,"href":"https:\/\/tvc16.com\/portal\/wp-json\/wp\/v2\/media\/12038"}],"wp:attachment":[{"href":"https:\/\/tvc16.com\/portal\/wp-json\/wp\/v2\/media?parent=12037"}],"wp:term":[{"taxonomy":"category","embeddable":true,"href":"https:\/\/tvc16.com\/portal\/wp-json\/wp\/v2\/categories?post=12037"},{"taxonomy":"post_tag","embeddable":true,"href":"https:\/\/tvc16.com\/portal\/wp-json\/wp\/v2\/tags?post=12037"}],"curies":[{"name":"wp","href":"https:\/\/api.w.org\/{rel}","templated":true}]}}