{"id":12040,"date":"2021-03-30T17:17:47","date_gmt":"2021-03-30T20:17:47","guid":{"rendered":"https:\/\/tvc16.com\/portal\/?p=12040"},"modified":"2021-03-30T17:17:49","modified_gmt":"2021-03-30T20:17:49","slug":"deficit-primario-em-fevereiro-cai-em-relacao-ao-do-ano-passado","status":"publish","type":"post","link":"https:\/\/tvc16.com\/portal\/2021\/03\/30\/deficit-primario-em-fevereiro-cai-em-relacao-ao-do-ano-passado\/","title":{"rendered":"D\u00e9ficit prim\u00e1rio em fevereiro cai em rela\u00e7\u00e3o ao do ano passado"},"content":{"rendered":"\n<h3 class=\"wp-block-heading\">Resultado ficou negativo em R$ 21,217 bilh\u00f5es<\/h3>\n\n\n\n<h4 class=\"wp-block-heading\">Por Wellton M\u00e1ximo \u2013 Rep\u00f3rter da Ag\u00eancia Brasil &#8211; Bras\u00edlia<\/h4>\n\n\n\n<p>O aumento da arrecada\u00e7\u00e3o e o atraso na aprova\u00e7\u00e3o do Or\u00e7amento deste ano ajudaram o governo a registrar d\u00e9ficit prim\u00e1rio menor em fevereiro. No m\u00eas passado, o Governo Central (Tesouro Nacional, Previd\u00eancia Social e Banco Central) teve d\u00e9ficit de R$ 21,217 bilh\u00f5es, contra resultado negativo de R$ 25,858 bilh\u00f5es no mesmo m\u00eas de 2020, divulgou hoje (30) o Tesouro Nacional.<img decoding=\"async\" src=\"https:\/\/agenciabrasil.ebc.com.br\/ebc.png?id=1405423&amp;o=node\"><img decoding=\"async\" src=\"https:\/\/agenciabrasil.ebc.com.br\/ebc.gif?id=1405423&amp;o=node\"><\/p>\n\n\n\n<p>Considerando a infla\u00e7\u00e3o oficial pelo \u00cdndice Nacional de Pre\u00e7os ao Consumidor Amplo (IPCA), o d\u00e9ficit em fevereiro caiu 22% na compara\u00e7\u00e3o com fevereiro do ano passado. O resultado veio melhor que a estimativa do mercado. Segundo o Prisma Fiscal, pesquisa divulgada todo m\u00eas pelo Minist\u00e9rio da Economia, as institui\u00e7\u00f5es financeiras previam que as contas do Governo Central obteriam resultado negativo de R$ 27,6 bilh\u00f5es no m\u00eas passado.<\/p>\n\n\n\n<p>Apesar do d\u00e9ficit em fevereiro, o Governo Central acumula super\u00e1vit prim\u00e1rio de R$ 22,356 bilh\u00f5es nos dois primeiros meses do ano. Isso porque janeiro tinha registrado resultado positivo de R$ 43,219 bilh\u00f5es. O Or\u00e7amento Geral da Uni\u00e3o deste ano estipula meta de d\u00e9ficit prim\u00e1rio de R$ 247,1 bilh\u00f5es para o Governo Central em 2021.<\/p>\n\n\n\n<p>O d\u00e9ficit prim\u00e1rio representa o resultado negativo nas contas do governo desconsiderando os juros da d\u00edvida p\u00fablica. Em rela\u00e7\u00e3o ao primeiro bimestre do ano passado, o resultado indica melhora. Em janeiro e fevereiro de 2020, o Governo Central tinha registrado d\u00e9ficit prim\u00e1rio de R$ 18,275 bilh\u00f5es.<\/p>\n\n\n\n<h2 class=\"wp-block-heading\">Receitas e despesas<\/h2>\n\n\n\n<p>Do lado das receitas, o resultado acumulado at\u00e9 fevereiro foi influenciado pelo crescimento de 2,3% acima da infla\u00e7\u00e3o em rela\u00e7\u00e3o aos dois primeiros meses do ano passado. A principal influ\u00eancia do lado da arrecada\u00e7\u00e3o foi o aumento de 4,9% acima da infla\u00e7\u00e3o nas receitas administradas, refletindo a recupera\u00e7\u00e3o da atividade econ\u00f4mica no in\u00edcio do ano, antes do agravamento da pandemia de covid-19.<\/p>\n\n\n\n<p>Nos dois primeiros meses do ano, as despesas subiram apenas 1% acima da infla\u00e7\u00e3o. Segundo o Tesouro Nacional, a n\u00e3o aprova\u00e7\u00e3o do<a href=\"https:\/\/agenciabrasil.ebc.com.br\/economia\/noticia\/2021-02\/gastos-nao-obrigatorios-terao-corte-de-33-ate-aprovacao-do-orcamento\" target=\"_blank\" rel=\"noreferrer noopener\">&nbsp;Or\u00e7amento<\/a>&nbsp;e o corte tempor\u00e1rio de um ter\u00e7o dos gastos discricion\u00e1rios (n\u00e3o obrigat\u00f3rios) contribu\u00edram para o crescimento menor que o previsto dos gastos no in\u00edcio do ano.<\/p>\n\n\n\n<p>O congelamento dos sal\u00e1rios dos servidores p\u00fablicos at\u00e9 o fim de 2021, em virtude da pandemia de covid-19, tamb\u00e9m contribuiu para o baixo crescimento dos gastos federais. Nos dois primeiros meses do ano, as despesas com pessoal ca\u00edram 3,2% em rela\u00e7\u00e3o ao mesmo per\u00edodo de 2020, considerando o IPCA.<\/p>\n\n\n\n<p>Em contrapartida, os investimentos (obras e compras de equipamentos) iniciaram o ano em forte baixa por causa do atraso da aprova\u00e7\u00e3o do or\u00e7amento e do crescimento de outros gastos obrigat\u00f3rios. Em janeiro e fevereiro, o Governo Central investiu R$ 1,825 bilh\u00e3o, recuo de 55% descontada a infla\u00e7\u00e3o em rela\u00e7\u00e3o aos R$ 4,052 bilh\u00f5es registrados no mesmo per\u00edodo de 2020.<\/p>\n\n\n\n<p>Edi\u00e7\u00e3o: Val\u00e9ria Aguiar<\/p>\n","protected":false},"excerpt":{"rendered":"<p>Resultado ficou negativo em R$ 21,217 bilh\u00f5es Por Wellton M\u00e1ximo \u2013 Rep\u00f3rter da Ag\u00eancia Brasil<\/p>\n","protected":false},"author":2,"featured_media":12041,"comment_status":"open","ping_status":"open","sticky":false,"template":"","format":"standard","meta":{"footnotes":""},"categories":[17],"tags":[],"class_list":["post-12040","post","type-post","status-publish","format-standard","has-post-thumbnail","hentry","category-outras-noticias"],"_links":{"self":[{"href":"https:\/\/tvc16.com\/portal\/wp-json\/wp\/v2\/posts\/12040","targetHints":{"allow":["GET"]}}],"collection":[{"href":"https:\/\/tvc16.com\/portal\/wp-json\/wp\/v2\/posts"}],"about":[{"href":"https:\/\/tvc16.com\/portal\/wp-json\/wp\/v2\/types\/post"}],"author":[{"embeddable":true,"href":"https:\/\/tvc16.com\/portal\/wp-json\/wp\/v2\/users\/2"}],"replies":[{"embeddable":true,"href":"https:\/\/tvc16.com\/portal\/wp-json\/wp\/v2\/comments?post=12040"}],"version-history":[{"count":1,"href":"https:\/\/tvc16.com\/portal\/wp-json\/wp\/v2\/posts\/12040\/revisions"}],"predecessor-version":[{"id":12042,"href":"https:\/\/tvc16.com\/portal\/wp-json\/wp\/v2\/posts\/12040\/revisions\/12042"}],"wp:featuredmedia":[{"embeddable":true,"href":"https:\/\/tvc16.com\/portal\/wp-json\/wp\/v2\/media\/12041"}],"wp:attachment":[{"href":"https:\/\/tvc16.com\/portal\/wp-json\/wp\/v2\/media?parent=12040"}],"wp:term":[{"taxonomy":"category","embeddable":true,"href":"https:\/\/tvc16.com\/portal\/wp-json\/wp\/v2\/categories?post=12040"},{"taxonomy":"post_tag","embeddable":true,"href":"https:\/\/tvc16.com\/portal\/wp-json\/wp\/v2\/tags?post=12040"}],"curies":[{"name":"wp","href":"https:\/\/api.w.org\/{rel}","templated":true}]}}