{"id":12043,"date":"2021-03-30T17:18:51","date_gmt":"2021-03-30T20:18:51","guid":{"rendered":"https:\/\/tvc16.com\/portal\/?p=12043"},"modified":"2021-03-30T17:18:53","modified_gmt":"2021-03-30T20:18:53","slug":"morre-o-psicanalista-contardo-calligaris","status":"publish","type":"post","link":"https:\/\/tvc16.com\/portal\/2021\/03\/30\/morre-o-psicanalista-contardo-calligaris\/","title":{"rendered":"Morre o psicanalista Contardo Calligaris"},"content":{"rendered":"\n<h3 class=\"wp-block-heading\">Nascido na It\u00e1lia em 1948, Calligaris tamb\u00e9m era escritor e dramaturgo<\/h3>\n\n\n\n<h3 class=\"wp-block-heading\">Por Ag\u00eancia Brasil &#8211; S\u00e3o Paulo<\/h3>\n\n\n\n<p>Morreu hoje (30) o psicanalista Contardo Calligaris, aos 72 anos. A morte foi confirmada pelo seu filho Maximillien Calligaris, pelo Instagram.\u00a0 \u201c&#8217;Espero estar \u00e0 altura\u2019. Diante da proximidade da morte, essa foi a frase do meu pai. Ele se foi agora\u201d, disse, na rede social.<img decoding=\"async\" src=\"https:\/\/agenciabrasil.ebc.com.br\/ebc.png?id=1405427&amp;o=node\"><img decoding=\"async\" src=\"https:\/\/agenciabrasil.ebc.com.br\/ebc.gif?id=1405427&amp;o=node\"><\/p>\n\n\n\n<p>Nascido em Mil\u00e3o em 1948, na It\u00e1lia, Calligaris, al\u00e9m de psicanalista, era escritor e dramaturgo. Ele escrevia uma coluna no jornal&nbsp;<em>Folha de S.Paulo<\/em>&nbsp;desde 1999.<\/p>\n\n\n\n<p>\u201cContardo Calligaris elevou o patamar do colunismo de cultura no Brasil. Foi testemunha ocular das principais mudan\u00e7as de comportamento dos \u00faltimos 50 anos. Deixar\u00e1 uma lacuna gigante\u201d, destacou o diretor de Reda\u00e7\u00e3o do jornal, S\u00e9rgio D\u00e1vila.<\/p>\n\n\n\n<p>Assista \u00e0&nbsp;entrevista de 2019&nbsp;com o psicanalista no programa&nbsp;<strong>Impress\u00f5es<\/strong>, da&nbsp;<strong>TV Brasil<\/strong>.<\/p>\n\n\n\n<figure class=\"wp-block-embed is-type-rich is-provider-incorporar-manipulador wp-block-embed-incorporar-manipulador wp-embed-aspect-16-9 wp-has-aspect-ratio\"><div class=\"wp-block-embed__wrapper\">\n<iframe loading=\"lazy\" title=\"Impress\u00f5es | Contardo Calligaris\" width=\"640\" height=\"360\" src=\"https:\/\/www.youtube.com\/embed\/WYDIA3vIeOw?feature=oembed\" frameborder=\"0\" allow=\"accelerometer; autoplay; clipboard-write; encrypted-media; gyroscope; picture-in-picture; web-share\" referrerpolicy=\"strict-origin-when-cross-origin\" allowfullscreen><\/iframe>\n<\/div><\/figure>\n\n\n\n<p>Edi\u00e7\u00e3o: Aline Leal<\/p>\n","protected":false},"excerpt":{"rendered":"<p>Nascido na It\u00e1lia em 1948, Calligaris tamb\u00e9m era escritor e dramaturgo Por Ag\u00eancia Brasil &#8211;<\/p>\n","protected":false},"author":2,"featured_media":12045,"comment_status":"open","ping_status":"open","sticky":false,"template":"","format":"standard","meta":{"footnotes":""},"categories":[17],"tags":[],"class_list":["post-12043","post","type-post","status-publish","format-standard","has-post-thumbnail","hentry","category-outras-noticias"],"_links":{"self":[{"href":"https:\/\/tvc16.com\/portal\/wp-json\/wp\/v2\/posts\/12043","targetHints":{"allow":["GET"]}}],"collection":[{"href":"https:\/\/tvc16.com\/portal\/wp-json\/wp\/v2\/posts"}],"about":[{"href":"https:\/\/tvc16.com\/portal\/wp-json\/wp\/v2\/types\/post"}],"author":[{"embeddable":true,"href":"https:\/\/tvc16.com\/portal\/wp-json\/wp\/v2\/users\/2"}],"replies":[{"embeddable":true,"href":"https:\/\/tvc16.com\/portal\/wp-json\/wp\/v2\/comments?post=12043"}],"version-history":[{"count":1,"href":"https:\/\/tvc16.com\/portal\/wp-json\/wp\/v2\/posts\/12043\/revisions"}],"predecessor-version":[{"id":12046,"href":"https:\/\/tvc16.com\/portal\/wp-json\/wp\/v2\/posts\/12043\/revisions\/12046"}],"wp:featuredmedia":[{"embeddable":true,"href":"https:\/\/tvc16.com\/portal\/wp-json\/wp\/v2\/media\/12045"}],"wp:attachment":[{"href":"https:\/\/tvc16.com\/portal\/wp-json\/wp\/v2\/media?parent=12043"}],"wp:term":[{"taxonomy":"category","embeddable":true,"href":"https:\/\/tvc16.com\/portal\/wp-json\/wp\/v2\/categories?post=12043"},{"taxonomy":"post_tag","embeddable":true,"href":"https:\/\/tvc16.com\/portal\/wp-json\/wp\/v2\/tags?post=12043"}],"curies":[{"name":"wp","href":"https:\/\/api.w.org\/{rel}","templated":true}]}}