{"id":12047,"date":"2021-03-30T17:19:54","date_gmt":"2021-03-30T20:19:54","guid":{"rendered":"https:\/\/tvc16.com\/portal\/?p=12047"},"modified":"2021-03-30T17:19:57","modified_gmt":"2021-03-30T20:19:57","slug":"comandantes-do-exercito-da-marinha-e-da-aeronautica-deixam-cargos","status":"publish","type":"post","link":"https:\/\/tvc16.com\/portal\/2021\/03\/30\/comandantes-do-exercito-da-marinha-e-da-aeronautica-deixam-cargos\/","title":{"rendered":"Comandantes do Ex\u00e9rcito, da Marinha e da Aeron\u00e1utica deixam cargos"},"content":{"rendered":"\n<h3 class=\"wp-block-heading\">Nota n\u00e3o informa o motivo das sa\u00eddas nem substitutos<\/h3>\n\n\n\n<h4 class=\"wp-block-heading\">Por Pedro Peduzzi &#8211; Rep\u00f3rter da Ag\u00eancia Brasil &#8211; Bras\u00edlia<\/h4>\n\n\n\n<p>O Minist\u00e9rio da Defesa anunciou hoje (30) a sa\u00edda dos comandantes da Marinha, do Ex\u00e9rcito e da Aeron\u00e1utica. A mudan\u00e7a ocorre um dia ap\u00f3s&nbsp;<a href=\"http:\/\/agenciabrasil.ebc.com.br\/politica\/noticia\/2021-03\/fernando-azevedo-e-silva-anuncia-que-vai-deixar-o-ministerio-da-defesa\" target=\"_blank\" rel=\"noreferrer noopener\">Fernando Azevedo e Silva ter deixado o cargo de ministro da Defesa<\/a>, assumido ent\u00e3o por Braga Netto, que chefiava a Casa Civil.<img decoding=\"async\" src=\"https:\/\/agenciabrasil.ebc.com.br\/ebc.png?id=1405411&amp;o=node\"><img decoding=\"async\" src=\"https:\/\/agenciabrasil.ebc.com.br\/ebc.gif?id=1405411&amp;o=node\"><\/p>\n\n\n\n<p>A nota do minist\u00e9rio n\u00e3o informa o motivo das sa\u00eddas nem os nomes de quem ocupar\u00e1 os comandos das tr\u00eas For\u00e7as Armadas. Segundo a pasta, a decis\u00e3o foi tomada durante reuni\u00e3o realizada hoje (30), com a presen\u00e7a de Fernando Azevedo e Silva, Braga Netto e dos tr\u00eas comandantes substitu\u00eddos \u2013 Edson Pujol (Ex\u00e9rcito), Ilques Barbosa (Marinha) e Ant\u00f4nio Carlos Moretti Bermudez (Aeron\u00e1utica).<\/p>\n\n\n\n<p>Ontem (29), ao anunciar que deixaria o cargo de ministro da Defesa, Azevedo e Silva agradeceu ao presidente Jair Bolsonaro a oportunidade de \u201cservir ao pa\u00eds\u201d, integrando o governo por mais de dois anos. \u201cNesse per\u00edodo, preservei as For\u00e7as Armadas como institui\u00e7\u00f5es de Estado\u201d, afirmou, destacando que deixa o posto com a certeza de ter cumprido sua \u201cmiss\u00e3o\u201d.<\/p>\n\n\n\n<p>Azevedo e Silva tamb\u00e9m disse ter dedicado total lealdade ao presidente, e agradeceu aos comandantes das For\u00e7as Armadas (Aeron\u00e1utica, Ex\u00e9rcito e Marinha), bem como \u00e0s respectivas tropas, \u201cque nunca mediram esfor\u00e7os para atender \u00e0s necessidades e emerg\u00eancias da popula\u00e7\u00e3o brasileira\u201d.<\/p>\n\n\n\n<p>Edi\u00e7\u00e3o: L\u00edlian Beraldo<\/p>\n","protected":false},"excerpt":{"rendered":"<p>Nota n\u00e3o informa o motivo das sa\u00eddas nem substitutos Por Pedro Peduzzi &#8211; Rep\u00f3rter da<\/p>\n","protected":false},"author":2,"featured_media":12048,"comment_status":"open","ping_status":"open","sticky":false,"template":"","format":"standard","meta":{"footnotes":""},"categories":[17],"tags":[],"class_list":["post-12047","post","type-post","status-publish","format-standard","has-post-thumbnail","hentry","category-outras-noticias"],"_links":{"self":[{"href":"https:\/\/tvc16.com\/portal\/wp-json\/wp\/v2\/posts\/12047","targetHints":{"allow":["GET"]}}],"collection":[{"href":"https:\/\/tvc16.com\/portal\/wp-json\/wp\/v2\/posts"}],"about":[{"href":"https:\/\/tvc16.com\/portal\/wp-json\/wp\/v2\/types\/post"}],"author":[{"embeddable":true,"href":"https:\/\/tvc16.com\/portal\/wp-json\/wp\/v2\/users\/2"}],"replies":[{"embeddable":true,"href":"https:\/\/tvc16.com\/portal\/wp-json\/wp\/v2\/comments?post=12047"}],"version-history":[{"count":1,"href":"https:\/\/tvc16.com\/portal\/wp-json\/wp\/v2\/posts\/12047\/revisions"}],"predecessor-version":[{"id":12049,"href":"https:\/\/tvc16.com\/portal\/wp-json\/wp\/v2\/posts\/12047\/revisions\/12049"}],"wp:featuredmedia":[{"embeddable":true,"href":"https:\/\/tvc16.com\/portal\/wp-json\/wp\/v2\/media\/12048"}],"wp:attachment":[{"href":"https:\/\/tvc16.com\/portal\/wp-json\/wp\/v2\/media?parent=12047"}],"wp:term":[{"taxonomy":"category","embeddable":true,"href":"https:\/\/tvc16.com\/portal\/wp-json\/wp\/v2\/categories?post=12047"},{"taxonomy":"post_tag","embeddable":true,"href":"https:\/\/tvc16.com\/portal\/wp-json\/wp\/v2\/tags?post=12047"}],"curies":[{"name":"wp","href":"https:\/\/api.w.org\/{rel}","templated":true}]}}