{"id":12057,"date":"2021-03-30T17:24:24","date_gmt":"2021-03-30T20:24:24","guid":{"rendered":"https:\/\/tvc16.com\/portal\/?p=12057"},"modified":"2021-03-30T17:24:26","modified_gmt":"2021-03-30T20:24:26","slug":"governo-defende-nova-suspensao-de-reajuste-em-planos-de-saude","status":"publish","type":"post","link":"https:\/\/tvc16.com\/portal\/2021\/03\/30\/governo-defende-nova-suspensao-de-reajuste-em-planos-de-saude\/","title":{"rendered":"Governo defende nova suspens\u00e3o de reajuste em planos de sa\u00fade"},"content":{"rendered":"\n<h3 class=\"wp-block-heading\">Medida pode ser tomada em raz\u00e3o da pandemia<\/h3>\n\n\n\n<h4 class=\"wp-block-heading\">Por Felipe Pontes &#8211; Rep\u00f3rter da Ag\u00eancia Brasil &#8211; Bras\u00edlia<\/h4>\n\n\n\n<p>A Secretaria Nacional do Consumidor (Senacom), vinculada ao Minist\u00e9rio da Justi\u00e7a e Seguran\u00e7a P\u00fablica, prop\u00f4s que a Ag\u00eancia Nacional de Sa\u00fade Suplementar (ANS) volte a suspender o reajuste de planos de sa\u00fade, em raz\u00e3o do agravamento da pandemia de covid-19.<img decoding=\"async\" src=\"https:\/\/agenciabrasil.ebc.com.br\/ebc.png?id=1405405&amp;o=node\"><img decoding=\"async\" src=\"https:\/\/agenciabrasil.ebc.com.br\/ebc.gif?id=1405405&amp;o=node\"><\/p>\n\n\n\n<p>A sugest\u00e3o foi apresentada \u00e0 C\u00e2mara de Sa\u00fade Suplementar, colegiado composto por representantes do governo, dos consumidores e de empresas. O objetivo seria prevenir tratamento discriminat\u00f3rio entre os usu\u00e1rios alvo de aumento.<\/p>\n\n\n\n<p>O diretor do departamento de Prote\u00e7\u00e3o e Defesa do Consumidor, Pedro Aur\u00e9lio de Queiroz, alertou para a ocorr\u00eancia de reajustes muito d\u00edspares entre diferentes grupos de clientes, o que pode \u201conerar demasiadamente os consumidores que n\u00e3o possuem poder de negocia\u00e7\u00e3o\u201d, disse.<\/p>\n\n\n\n<p>A ANS j\u00e1 suspendeu reajustes em planos no ano passado, mas com o t\u00e9rmino da medida, em dezembro, as operadoras passaram a efetuar a recomposi\u00e7\u00e3o dos valores n\u00e3o cobrados em 2020. A ag\u00eancia autorizou reajustes de at\u00e9 8,14% em planos individuais e familiares.<\/p>\n\n\n\n<h2 class=\"wp-block-heading\">Suspens\u00e3o de reajustes<\/h2>\n\n\n\n<p>Em fevereiro, a Defensoria P\u00fablica da Uni\u00e3o (DPU) recomendou \u00e0 ANS a suspens\u00e3o de todos os reajustes tamb\u00e9m em 2021, diante do quadro de \u201cdeteriora\u00e7\u00e3o econ\u00f4mica\u201d. No of\u00edcio, o \u00f3rg\u00e3o afirmou que os \u201creajustes aparentemente n\u00e3o refletem a necessidade de manter a sustentabilidade econ\u00f4mica das operadoras de planos de sa\u00fade\u201d.<\/p>\n\n\n\n<p>Na semana passada, o Procon-SP entrou com uma a\u00e7\u00e3o civil p\u00fablica pedindo que a ANS seja obrigada a reverter reajustes abusivos em planos de sa\u00fade coletivos. O \u00f3rg\u00e3o de defesa do consumidor disse ter recebido mais de 900 reclama\u00e7\u00f5es em janeiro, algumas sobre reajustes que chegaram a 140%, 160% e 228%.<\/p>\n\n\n\n<p>A&nbsp;<strong>Ag\u00eancia Brasil&nbsp;<\/strong>entrou em contato com a ANS e aguarda retorno.<\/p>\n\n\n\n<p>Edi\u00e7\u00e3o: Kleber Sampaio<\/p>\n","protected":false},"excerpt":{"rendered":"<p>Medida pode ser tomada em raz\u00e3o da pandemia Por Felipe Pontes &#8211; Rep\u00f3rter da Ag\u00eancia<\/p>\n","protected":false},"author":2,"featured_media":12058,"comment_status":"open","ping_status":"open","sticky":false,"template":"","format":"standard","meta":{"footnotes":""},"categories":[17],"tags":[],"class_list":["post-12057","post","type-post","status-publish","format-standard","has-post-thumbnail","hentry","category-outras-noticias"],"_links":{"self":[{"href":"https:\/\/tvc16.com\/portal\/wp-json\/wp\/v2\/posts\/12057","targetHints":{"allow":["GET"]}}],"collection":[{"href":"https:\/\/tvc16.com\/portal\/wp-json\/wp\/v2\/posts"}],"about":[{"href":"https:\/\/tvc16.com\/portal\/wp-json\/wp\/v2\/types\/post"}],"author":[{"embeddable":true,"href":"https:\/\/tvc16.com\/portal\/wp-json\/wp\/v2\/users\/2"}],"replies":[{"embeddable":true,"href":"https:\/\/tvc16.com\/portal\/wp-json\/wp\/v2\/comments?post=12057"}],"version-history":[{"count":1,"href":"https:\/\/tvc16.com\/portal\/wp-json\/wp\/v2\/posts\/12057\/revisions"}],"predecessor-version":[{"id":12059,"href":"https:\/\/tvc16.com\/portal\/wp-json\/wp\/v2\/posts\/12057\/revisions\/12059"}],"wp:featuredmedia":[{"embeddable":true,"href":"https:\/\/tvc16.com\/portal\/wp-json\/wp\/v2\/media\/12058"}],"wp:attachment":[{"href":"https:\/\/tvc16.com\/portal\/wp-json\/wp\/v2\/media?parent=12057"}],"wp:term":[{"taxonomy":"category","embeddable":true,"href":"https:\/\/tvc16.com\/portal\/wp-json\/wp\/v2\/categories?post=12057"},{"taxonomy":"post_tag","embeddable":true,"href":"https:\/\/tvc16.com\/portal\/wp-json\/wp\/v2\/tags?post=12057"}],"curies":[{"name":"wp","href":"https:\/\/api.w.org\/{rel}","templated":true}]}}