{"id":12060,"date":"2021-03-30T17:25:18","date_gmt":"2021-03-30T20:25:18","guid":{"rendered":"https:\/\/tvc16.com\/portal\/?p=12060"},"modified":"2021-03-30T17:25:20","modified_gmt":"2021-03-30T20:25:20","slug":"previa-da-carga-tributaria-caiu-para-3164-do-pib-em-2020","status":"publish","type":"post","link":"https:\/\/tvc16.com\/portal\/2021\/03\/30\/previa-da-carga-tributaria-caiu-para-3164-do-pib-em-2020\/","title":{"rendered":"Pr\u00e9via da carga tribut\u00e1ria caiu para 31,64% do PIB em 2020"},"content":{"rendered":"\n<h3 class=\"wp-block-heading\">Isen\u00e7\u00f5es e contra\u00e7\u00e3o econ\u00f4mica da pandemia provocaram queda<\/h3>\n\n\n\n<h4 class=\"wp-block-heading\">Por Wellton M\u00e1ximo \u2013 Rep\u00f3rter da Ag\u00eancia Brasil &#8211; Bras\u00edlia<\/h4>\n\n\n\n<p>A pr\u00e9via da carga tribut\u00e1ria (peso dos impostos e demais tributos sobre a economia) caiu para 31,64% do Produto Interno Bruto (PIB) em 2020, divulgou hoje (30) o Tesouro Nacional. Em 2019, o mesmo indicador tinha atingido 32,51%, diferen\u00e7a de 0,87 ponto percentual.<br><br>Segundo o Tesouro, dois fatores pesaram para a diminui\u00e7\u00e3o da carga tribut\u00e1ria. O primeiro foi a contra\u00e7\u00e3o da atividade econ\u00f4mica decorrente da pandemia de covid-19. Com a queda na produ\u00e7\u00e3o e no consumo, menos pessoas pagam impostos. Isso pode ser explicado pelo recuo de 0,55 ponto percentual do PIB na arrecada\u00e7\u00e3o de tributos sobre bens e servi\u00e7os.<br><br>O segundo fator foi a isen\u00e7\u00e3o de v\u00e1rios tributos durante a pandemia. Somente a redu\u00e7\u00e3o a zero do Imposto sobre Opera\u00e7\u00f5es Financeiras (IOF) sobre o cr\u00e9dito, que vigorou de abril a dezembro do ano passado, respondeu por uma redu\u00e7\u00e3o de 0,26 ponto percentual do PIB.<br><br>Outros tributos com destaque na redu\u00e7\u00e3o da carga tribut\u00e1ria foram o Programa de Integra\u00e7\u00e3o Social (PIS) e a Contribui\u00e7\u00e3o para o Financiamento da Seguridade Social (Cofins), com impacto negativo de 0,34 ponto percentual, e o Imposto sobre Servi\u00e7os (ISS), administrado pelos munic\u00edpios, com recuo de 0,06 ponto percentual. Os dois tributos s\u00e3o ligados ao consumo e refletem a queda nas vendas.<br><br>Todo m\u00eas de mar\u00e7o, o Tesouro divulga uma estimativa pr\u00f3pria da carga tribut\u00e1ria do ano anterior. Isso \u00e9 necess\u00e1rio porque os dados s\u00e3o inclu\u00eddos na presta\u00e7\u00e3o de contas da Presid\u00eancia da Rep\u00fablica e a Receita Federal s\u00f3 divulga os dados oficiais de carga tribut\u00e1ria no segundo semestre.<img decoding=\"async\" src=\"https:\/\/agenciabrasil.ebc.com.br\/ebc.png?id=1405430&amp;o=node\"><img decoding=\"async\" src=\"https:\/\/agenciabrasil.ebc.com.br\/ebc.gif?id=1405430&amp;o=node\"><\/p>\n\n\n\n<h2 class=\"wp-block-heading\">PEC Emergencial<\/h2>\n\n\n\n<p>O Tesouro tamb\u00e9m apresentou uma estimativa do impacto da Proposta de Emenda \u00e0 Constitui\u00e7\u00e3o Emergencial (PEC Emergencial) sobre a evolu\u00e7\u00e3o da d\u00edvida p\u00fablica. Segundo o \u00f3rg\u00e3o, a D\u00edvida Bruta do Governo Geral, indicador do Banco Central que re\u00fane a d\u00edvida da Uni\u00e3o, de estados e de munic\u00edpios, dever\u00e1 cair de 88,8% em 2020 para 88,1% neste ano e chegar a 2030 em 83,3% no cen\u00e1rio base e em 72,5% no cen\u00e1rio otimista.<br><br>O cen\u00e1rio base, informou o Tesouro, contempla a n\u00e3o renova\u00e7\u00e3o de incentivos fiscais que perdem a validade em 2030 e o cen\u00e1rio otimista, a redu\u00e7\u00e3o pela metade desses benef\u00edcios.<br><br>Aprovada no in\u00edcio do m\u00eas pelo Congresso, a PEC Emergencial permitiu o pagamento de uma nova rodada do aux\u00edlio emergencial, no total de R$ 44 bilh\u00f5es, condicionada a medidas de corte de gastos obrigat\u00f3rios. Entre as medidas, est\u00e3o gatilhos de congelamento de sal\u00e1rio do servi\u00e7o p\u00fablico a partir de 2025, a apresenta\u00e7\u00e3o de um plano de corte de incentivos fiscais nos pr\u00f3ximos seis meses e a previs\u00e3o de uma lei complementar para regulamentar a sustentabilidade da d\u00edvida p\u00fablica.<\/p>\n\n\n\n<p>Edi\u00e7\u00e3o: N\u00e1dia Franco<\/p>\n","protected":false},"excerpt":{"rendered":"<p>Isen\u00e7\u00f5es e contra\u00e7\u00e3o econ\u00f4mica da pandemia provocaram queda Por Wellton M\u00e1ximo \u2013 Rep\u00f3rter da Ag\u00eancia<\/p>\n","protected":false},"author":2,"featured_media":12061,"comment_status":"open","ping_status":"open","sticky":false,"template":"","format":"standard","meta":{"footnotes":""},"categories":[17],"tags":[],"class_list":["post-12060","post","type-post","status-publish","format-standard","has-post-thumbnail","hentry","category-outras-noticias"],"_links":{"self":[{"href":"https:\/\/tvc16.com\/portal\/wp-json\/wp\/v2\/posts\/12060","targetHints":{"allow":["GET"]}}],"collection":[{"href":"https:\/\/tvc16.com\/portal\/wp-json\/wp\/v2\/posts"}],"about":[{"href":"https:\/\/tvc16.com\/portal\/wp-json\/wp\/v2\/types\/post"}],"author":[{"embeddable":true,"href":"https:\/\/tvc16.com\/portal\/wp-json\/wp\/v2\/users\/2"}],"replies":[{"embeddable":true,"href":"https:\/\/tvc16.com\/portal\/wp-json\/wp\/v2\/comments?post=12060"}],"version-history":[{"count":1,"href":"https:\/\/tvc16.com\/portal\/wp-json\/wp\/v2\/posts\/12060\/revisions"}],"predecessor-version":[{"id":12062,"href":"https:\/\/tvc16.com\/portal\/wp-json\/wp\/v2\/posts\/12060\/revisions\/12062"}],"wp:featuredmedia":[{"embeddable":true,"href":"https:\/\/tvc16.com\/portal\/wp-json\/wp\/v2\/media\/12061"}],"wp:attachment":[{"href":"https:\/\/tvc16.com\/portal\/wp-json\/wp\/v2\/media?parent=12060"}],"wp:term":[{"taxonomy":"category","embeddable":true,"href":"https:\/\/tvc16.com\/portal\/wp-json\/wp\/v2\/categories?post=12060"},{"taxonomy":"post_tag","embeddable":true,"href":"https:\/\/tvc16.com\/portal\/wp-json\/wp\/v2\/tags?post=12060"}],"curies":[{"name":"wp","href":"https:\/\/api.w.org\/{rel}","templated":true}]}}