{"id":12063,"date":"2021-03-30T17:45:11","date_gmt":"2021-03-30T20:45:11","guid":{"rendered":"https:\/\/tvc16.com\/portal\/?p=12063"},"modified":"2021-03-30T17:45:14","modified_gmt":"2021-03-30T20:45:14","slug":"conheca-o-magnifico-chateau-de-chillon-o-ponto-turistico-mais-visitado-da-suica","status":"publish","type":"post","link":"https:\/\/tvc16.com\/portal\/2021\/03\/30\/conheca-o-magnifico-chateau-de-chillon-o-ponto-turistico-mais-visitado-da-suica\/","title":{"rendered":"Conhe\u00e7a o magn\u00edfico Ch\u00e2teau de Chillon, o ponto tur\u00edstico mais visitado da Su\u00ed\u00e7a"},"content":{"rendered":"\n<p>Se voc\u00ea estiver viajando para o Lake Geneva, n\u00e3o perca a oportunidade de visitar o Castelo de Chillon. Localizada nos arredores de Montreux, esta impressionante fortaleza medieval tem um cen\u00e1rio id\u00edlico, um passado sombrio e uma masmorra que inspirou muitos poetas e pintores. Hoje, o Castelo de Ch\u00e2teau \u00e9 a atra\u00e7\u00e3o mais visitada da Su\u00ed\u00e7a.<\/p>\n\n\n\n<p><strong>Visitando o Castelo de Chillon na Su\u00ed\u00e7a<\/strong><\/p>\n\n\n\n<p>A coisa que mais impressiona quando se visita o Castelo de Chillon, imortalizado por Lord Byron no poema O Prisioneiro de Chillon, \u00e9 a vista. Dif\u00edcil imaginar o que sentiam os prisioneiros que olhavam tamanha beleza por entre as grades das janelas. Estar preso em uma masmorra em que se pode avistar um cen\u00e1rio como esse, deve ser algo enlouquecedor.<\/p>\n\n\n\n<figure class=\"wp-block-image size-large\"><img loading=\"lazy\" decoding=\"async\" width=\"1020\" height=\"1024\" src=\"https:\/\/tvc16.com\/portal\/wp-content\/uploads\/2021\/03\/C-FOTO-1-1-1020x1024.png\" alt=\"\" class=\"wp-image-12066\" srcset=\"https:\/\/tvc16.com\/portal\/wp-content\/uploads\/2021\/03\/C-FOTO-1-1-1020x1024.png 1020w, https:\/\/tvc16.com\/portal\/wp-content\/uploads\/2021\/03\/C-FOTO-1-1-300x300.png 300w, https:\/\/tvc16.com\/portal\/wp-content\/uploads\/2021\/03\/C-FOTO-1-1-150x150.png 150w, https:\/\/tvc16.com\/portal\/wp-content\/uploads\/2021\/03\/C-FOTO-1-1-768x771.png 768w, https:\/\/tvc16.com\/portal\/wp-content\/uploads\/2021\/03\/C-FOTO-1-1.png 1069w\" sizes=\"auto, (max-width: 1020px) 100vw, 1020px\" \/><\/figure>\n\n\n\n<p>L\u00e1 fora, o Lago Genebra, de um azul profundo e prateado. As flores desabrocham ao longo de todo o cal\u00e7ad\u00e3o de Montreux a Veytaux, em um dos cen\u00e1rios mais lindos que meus olhos j\u00e1 viram. Ao longo do percurso, observava as montanhas su\u00ed\u00e7as pintadas com resqu\u00edcios de neve. Era comum parar de vez em quando apenas para admirar aquela beleza, t\u00e3o rara e t\u00e3o surpreendente&#8230; Mas eu mal podia esperar para mergulhar nas sombras. Esta era minha chance de visitar uma das masmorras mais escritas na literatura, em todos os tempos.<\/p>\n\n\n\n<figure class=\"wp-block-image size-large\"><img loading=\"lazy\" decoding=\"async\" width=\"650\" height=\"433\" src=\"https:\/\/tvc16.com\/portal\/wp-content\/uploads\/2021\/03\/C-FOTO-2.jpg\" alt=\"\" class=\"wp-image-12067\" srcset=\"https:\/\/tvc16.com\/portal\/wp-content\/uploads\/2021\/03\/C-FOTO-2.jpg 650w, https:\/\/tvc16.com\/portal\/wp-content\/uploads\/2021\/03\/C-FOTO-2-300x200.jpg 300w\" sizes=\"auto, (max-width: 650px) 100vw, 650px\" \/><\/figure>\n\n\n\n<p>O Ch\u00e2teau de Chillon, a 4 km de Montreux e 40 km de Lausanne, \u00e9 a atra\u00e7\u00e3o hist\u00f3rica mais visitada da Su\u00ed\u00e7a, um sonho de um castelo que se ergue abruptamente do Lago Genebra (ou Lac Leman, dependendo do ponto em que voc\u00ea estiver no momento). Eu visitei o castelo partindo de Genebra. Se o percurso fosse o destino da viagem, j\u00e1 teria valido a pena.<\/p>\n\n\n\n<figure class=\"wp-block-image size-large\"><img loading=\"lazy\" decoding=\"async\" width=\"650\" height=\"447\" src=\"https:\/\/tvc16.com\/portal\/wp-content\/uploads\/2021\/03\/C-FOTO-3.jpg\" alt=\"\" class=\"wp-image-12068\" srcset=\"https:\/\/tvc16.com\/portal\/wp-content\/uploads\/2021\/03\/C-FOTO-3.jpg 650w, https:\/\/tvc16.com\/portal\/wp-content\/uploads\/2021\/03\/C-FOTO-3-300x206.jpg 300w\" sizes=\"auto, (max-width: 650px) 100vw, 650px\" \/><\/figure>\n\n\n\n<p><strong>A masmorra de Chillon<\/strong><\/p>\n\n\n\n<p>Chegando ao castelo, nos deparamos com muitos turistas, todos tirando selfies e comprando souvenirs. Tentei encontrar um lugar menos cheio para ser fotografada, mas foi dif\u00edcil.<\/p>\n\n\n\n<figure class=\"wp-block-image size-large\"><img loading=\"lazy\" decoding=\"async\" width=\"1024\" height=\"768\" src=\"https:\/\/tvc16.com\/portal\/wp-content\/uploads\/2021\/03\/C-FOTO-4-1024x768.jpg\" alt=\"\" class=\"wp-image-12069\" srcset=\"https:\/\/tvc16.com\/portal\/wp-content\/uploads\/2021\/03\/C-FOTO-4-1024x768.jpg 1024w, https:\/\/tvc16.com\/portal\/wp-content\/uploads\/2021\/03\/C-FOTO-4-300x225.jpg 300w, https:\/\/tvc16.com\/portal\/wp-content\/uploads\/2021\/03\/C-FOTO-4-768x576.jpg 768w, https:\/\/tvc16.com\/portal\/wp-content\/uploads\/2021\/03\/C-FOTO-4-1536x1152.jpg 1536w, https:\/\/tvc16.com\/portal\/wp-content\/uploads\/2021\/03\/C-FOTO-4-200x150.jpg 200w, https:\/\/tvc16.com\/portal\/wp-content\/uploads\/2021\/03\/C-FOTO-4.jpg 1920w\" sizes=\"auto, (max-width: 1024px) 100vw, 1024px\" \/><\/figure>\n\n\n\n<p>\u00a0Enquanto caminh\u00e1vamos por um dep\u00f3sito e entramos na pris\u00e3o, uma sala cavernosa onde Fran\u00e7ois Bonivard, o prisioneiro original de Chillon, tinha sido acorrentado a um pilar, pensei se todos estavam, de fato, pensando nos horrores que aconteceram naquele lugar. Bonivard ficou preso na escurid\u00e3o da masmorra do Castelo de Chillon por quatro torturantes anos (ou seis, dependendo de quem voc\u00ea ouve)\u00a0come\u00e7ando em 1530.<\/p>\n\n\n\n<p><em>Eu apenas vivi, eu apenas desenhei<\/em><\/p>\n\n\n\n<p><em>O maldito sopro do orvalho da masmorra &#8211;<\/em><\/p>\n\n\n\n<p>Lord Byron &#8211; O Prisioneiro de Chillon, 1816<\/p>\n\n\n\n<p>Com seus arcos g\u00f3ticos e janelas altas trazendo inclina\u00e7\u00f5es de luz, a masmorra \u00e9 uma linda esp\u00e9cie de cripta de catedral, atraente o suficiente para o escritor Mark Twain brincar sobre o destino de Bonivard:\u00a0<em>\u201cSua masmorra era um lugar agrad\u00e1vel, fresco e espa\u00e7oso, e eu n\u00e3o consigo ver por que ele deveria ter ficado t\u00e3o insatisfeito com isso\u201d.<\/em><\/p>\n\n\n\n<figure class=\"wp-block-image size-large\"><img loading=\"lazy\" decoding=\"async\" width=\"650\" height=\"433\" src=\"https:\/\/tvc16.com\/portal\/wp-content\/uploads\/2021\/03\/C-FOTO-5.jpg\" alt=\"\" class=\"wp-image-12070\" srcset=\"https:\/\/tvc16.com\/portal\/wp-content\/uploads\/2021\/03\/C-FOTO-5.jpg 650w, https:\/\/tvc16.com\/portal\/wp-content\/uploads\/2021\/03\/C-FOTO-5-300x200.jpg 300w\" sizes=\"auto, (max-width: 650px) 100vw, 650px\" \/><\/figure>\n\n\n\n<p><strong>A masmorra &#8211; Uma atra\u00e7\u00e3o tur\u00edstica popular em Montreux<\/strong><\/p>\n\n\n\n<p>Passeando com um grupo de turistas, fui at\u00e9 o final da sala, me perguntando se algum deles se importava com o fato de aquela ser a masmorra onde Bonivard, um pastor de Genebra, permanecera preso por tantos anos a uma corrente de um metro.\u00a0 Incapaz de ver pelas janelas, ele estava convencido de que sua pris\u00e3o ficava abaixo do n\u00edvel do lago e s\u00f3 podia imaginar o sol l\u00e1 fora. \u00c9 tristemente belo pensar nisso. Relembrar, tamb\u00e9m.<\/p>\n\n\n\n<figure class=\"wp-block-image size-large\"><img loading=\"lazy\" decoding=\"async\" width=\"1024\" height=\"814\" src=\"https:\/\/tvc16.com\/portal\/wp-content\/uploads\/2021\/03\/C-FOTO-5A-1024x814.jpg\" alt=\"\" class=\"wp-image-12071\" srcset=\"https:\/\/tvc16.com\/portal\/wp-content\/uploads\/2021\/03\/C-FOTO-5A-1024x814.jpg 1024w, https:\/\/tvc16.com\/portal\/wp-content\/uploads\/2021\/03\/C-FOTO-5A-300x239.jpg 300w, https:\/\/tvc16.com\/portal\/wp-content\/uploads\/2021\/03\/C-FOTO-5A-768x611.jpg 768w, https:\/\/tvc16.com\/portal\/wp-content\/uploads\/2021\/03\/C-FOTO-5A.jpg 1200w\" sizes=\"auto, (max-width: 1024px) 100vw, 1024px\" \/><\/figure>\n\n\n\n<p><strong>Assinatura de Byron<\/strong><\/p>\n\n\n\n<p><em>\u201cAqui voc\u00ea pode ver a assinatura de Byron\u201d<\/em>, a guia tur\u00edstica ergueu a voz para nos dizer.\u00a0<em>&#8220;Ele o esculpiu no pilar ao qual acreditava que Bonivard estava acorrentado&#8221;.\u00a0<\/em>N\u00e3o importava se o pilar teria sido aquele ou n\u00e3o. Em uma estranha reviravolta de celebridade, a assinatura de Byron e seu relato rom\u00e2ntico do prisioneiro de Chillon eclipsaram, ou pelo menos igualaram, o sofrimento do pr\u00f3prio Bonivard.<\/p>\n\n\n\n<figure class=\"wp-block-image size-large\"><img loading=\"lazy\" decoding=\"async\" width=\"650\" height=\"433\" src=\"https:\/\/tvc16.com\/portal\/wp-content\/uploads\/2021\/03\/C-FOTO-6.jpg\" alt=\"\" class=\"wp-image-12072\" srcset=\"https:\/\/tvc16.com\/portal\/wp-content\/uploads\/2021\/03\/C-FOTO-6.jpg 650w, https:\/\/tvc16.com\/portal\/wp-content\/uploads\/2021\/03\/C-FOTO-6-300x200.jpg 300w\" sizes=\"auto, (max-width: 650px) 100vw, 650px\" \/><\/figure>\n\n\n\n<p><strong>Explorando a adega do Castelo de Chillon<\/strong><\/p>\n\n\n\n<p>Depois que grande parte dos turistas j\u00e1 havia sa\u00eddo, fiquei livre para explorar a sala. Pilares robustos se ergueram do ch\u00e3o de pedra como \u00e1rvores petrificadas. Lajes de rocha \u00e1spera cortaram as funda\u00e7\u00f5es de pedra da masmorra.<\/p>\n\n\n\n<figure class=\"wp-block-image size-large\"><img loading=\"lazy\" decoding=\"async\" width=\"650\" height=\"460\" src=\"https:\/\/tvc16.com\/portal\/wp-content\/uploads\/2021\/03\/C-FOTO-7.jpg\" alt=\"\" class=\"wp-image-12074\" srcset=\"https:\/\/tvc16.com\/portal\/wp-content\/uploads\/2021\/03\/C-FOTO-7.jpg 650w, https:\/\/tvc16.com\/portal\/wp-content\/uploads\/2021\/03\/C-FOTO-7-300x212.jpg 300w\" sizes=\"auto, (max-width: 650px) 100vw, 650px\" \/><\/figure>\n\n\n\n<figure class=\"wp-block-image size-large\"><img loading=\"lazy\" decoding=\"async\" width=\"400\" height=\"600\" src=\"https:\/\/tvc16.com\/portal\/wp-content\/uploads\/2021\/03\/C-FOTO-8-1.jpg\" alt=\"\" class=\"wp-image-12075\" srcset=\"https:\/\/tvc16.com\/portal\/wp-content\/uploads\/2021\/03\/C-FOTO-8-1.jpg 400w, https:\/\/tvc16.com\/portal\/wp-content\/uploads\/2021\/03\/C-FOTO-8-1-200x300.jpg 200w\" sizes=\"auto, (max-width: 400px) 100vw, 400px\" \/><\/figure>\n\n\n\n<p>Na parede mais pr\u00f3xima \u00e0 entrada, uma cena de crucifica\u00e7\u00e3o misteriosa do s\u00e9culo 15 foi desenhada a carv\u00e3o. Embora ningu\u00e9m soubesse quem o desenhou, esperan\u00e7osamente, aquela imagem trouxe consolo aos prisioneiros enquanto estavam aqui acorrentados. Abaixo, a mesma cena de crucifica\u00e7\u00e3o vista por centenas de prisioneiros.<\/p>\n\n\n\n<figure class=\"wp-block-image size-large\"><img loading=\"lazy\" decoding=\"async\" width=\"650\" height=\"433\" src=\"https:\/\/tvc16.com\/portal\/wp-content\/uploads\/2021\/03\/C-FOTO-9.jpg\" alt=\"\" class=\"wp-image-12076\" srcset=\"https:\/\/tvc16.com\/portal\/wp-content\/uploads\/2021\/03\/C-FOTO-9.jpg 650w, https:\/\/tvc16.com\/portal\/wp-content\/uploads\/2021\/03\/C-FOTO-9-300x200.jpg 300w\" sizes=\"auto, (max-width: 650px) 100vw, 650px\" \/><\/figure>\n\n\n\n<p><strong>Inspira\u00e7\u00e3o art\u00edstica<\/strong><\/p>\n\n\n\n<p>Relutante em sair, me segurei em uma sali\u00eancia de rocha. Eu queria absorver a atmosfera, para entender porque o Castelo de Chillon de Montreux atraiu tantos artistas. Considerado um dos melhores lugares para se visitar na Su\u00ed\u00e7a, o castelo possui uma longa lista de admiradores liter\u00e1rios: Lord Byron, Percy Shelly, Victor Hugo, Mark Twain, Jean-Jacques Rousseau e Charles Dickens. Tamb\u00e9m inspirou pintores como Delacroix e Courbet.<\/p>\n\n\n\n<figure class=\"wp-block-image size-large\"><img loading=\"lazy\" decoding=\"async\" width=\"400\" height=\"600\" src=\"https:\/\/tvc16.com\/portal\/wp-content\/uploads\/2021\/03\/C-FOTO-10.jpg\" alt=\"\" class=\"wp-image-12077\" srcset=\"https:\/\/tvc16.com\/portal\/wp-content\/uploads\/2021\/03\/C-FOTO-10.jpg 400w, https:\/\/tvc16.com\/portal\/wp-content\/uploads\/2021\/03\/C-FOTO-10-200x300.jpg 200w\" sizes=\"auto, (max-width: 400px) 100vw, 400px\" \/><\/figure>\n\n\n\n<p><strong>Uma atra\u00e7\u00e3o aut\u00eantica no Lago Genebra<\/strong><\/p>\n\n\n\n<p>O castelo \u00e9 verdadeiramente encantador. Erguendo-se de um afloramento rochoso no Lago Genebra, conectado \u00e0 terra apenas por uma ponte de madeira, as torres de Chillon alimentam nossa no\u00e7\u00e3o rom\u00e2ntica de como deve ser um castelo medieval. Em uma era de r\u00e9plicas e parques tem\u00e1ticos, essa atra\u00e7\u00e3o popular su\u00ed\u00e7a tem uma autenticidade incompar\u00e1vel.<\/p>\n\n\n\n<figure class=\"wp-block-image size-large\"><img loading=\"lazy\" decoding=\"async\" width=\"650\" height=\"433\" src=\"https:\/\/tvc16.com\/portal\/wp-content\/uploads\/2021\/03\/C-FOTO-11.jpg\" alt=\"\" class=\"wp-image-12078\" srcset=\"https:\/\/tvc16.com\/portal\/wp-content\/uploads\/2021\/03\/C-FOTO-11.jpg 650w, https:\/\/tvc16.com\/portal\/wp-content\/uploads\/2021\/03\/C-FOTO-11-300x200.jpg 300w\" sizes=\"auto, (max-width: 650px) 100vw, 650px\" \/><\/figure>\n\n\n\n<p><strong>Hist\u00f3ria do Chateau de Chillon<\/strong><\/p>\n\n\n\n<p>Embora os primeiros registros escritos do Castelo de Chillon datem de 1150, as escava\u00e7\u00f5es mostram que o local foi habitado desde a Idade do Bronze. Sua forma atual foi constru\u00edda por Pierre II de Savoy no s\u00e9culo XIII. Estrategicamente situada em uma importante rota comercial da Inglaterra e Fran\u00e7a a Roma, foi constru\u00edda como uma fortaleza e se tornou a casa de ver\u00e3o da fam\u00edlia governante Savoy.<\/p>\n\n\n\n<p>Existem tr\u00eas \u00e9pocas principais na hist\u00f3ria de Chillon:<\/p>\n\n\n\n<p><strong>=&gt;&nbsp;<\/strong>O per\u00edodo de Savoy do s\u00e9culo 12 a 1536<\/p>\n\n\n\n<p><strong>=&gt;<\/strong>&nbsp;O per\u00edodo bern\u00eas de 1536 a 1798<\/p>\n\n\n\n<p><strong>=&gt;&nbsp;<\/strong>O per\u00edodo valdense de 1798 at\u00e9 hoje<\/p>\n\n\n\n<p>O castelo nunca foi destru\u00eddo, mas fora muitas vezes conquistado. Quando os Bernese invadiram em 1536, o Castelo de Chillon foi conquistado em apenas dois dias &#8211; um ataque que resultou na liberta\u00e7\u00e3o de Bonivard, o Prisioneiro de Chillon.<\/p>\n\n\n\n<figure class=\"wp-block-image size-large\"><img loading=\"lazy\" decoding=\"async\" width=\"1024\" height=\"768\" src=\"https:\/\/tvc16.com\/portal\/wp-content\/uploads\/2021\/03\/C-FOTO-12-1024x768.jpg\" alt=\"\" class=\"wp-image-12079\" srcset=\"https:\/\/tvc16.com\/portal\/wp-content\/uploads\/2021\/03\/C-FOTO-12-1024x768.jpg 1024w, https:\/\/tvc16.com\/portal\/wp-content\/uploads\/2021\/03\/C-FOTO-12-300x225.jpg 300w, https:\/\/tvc16.com\/portal\/wp-content\/uploads\/2021\/03\/C-FOTO-12-768x576.jpg 768w, https:\/\/tvc16.com\/portal\/wp-content\/uploads\/2021\/03\/C-FOTO-12-1536x1152.jpg 1536w, https:\/\/tvc16.com\/portal\/wp-content\/uploads\/2021\/03\/C-FOTO-12-200x150.jpg 200w, https:\/\/tvc16.com\/portal\/wp-content\/uploads\/2021\/03\/C-FOTO-12.jpg 1920w\" sizes=\"auto, (max-width: 1024px) 100vw, 1024px\" \/><\/figure>\n\n\n\n<p><strong>O prisioneiro de Chillon<\/strong><\/p>\n\n\n\n<p><em>&#8220;O por\u00e3o \u00e9 mais baixo que o lago?&#8221;\u00a0<\/em>Um jovem alto perguntou surpreso a seus amigos depois de folhear um dos pain\u00e9is de informa\u00e7\u00f5es que descreviam a estadia de Bonivard.\u00a0<em>&#8220;N\u00e3o \u00e9. Bonivard estava enganado\u201d\u00a0<\/em>e eu me assustei com a resposta.\u00a0<em>\u201cSua corrente n\u00e3o era longa o suficiente para deix\u00e1-lo ver pelas janelas altas, ent\u00e3o ele apenas imaginou que estava no subsolo\u201d,<\/em>\u00a0a guia nos explicou, revelando as contradi\u00e7\u00f5es dos relatos de muitos prisioneiros.<\/p>\n\n\n\n<figure class=\"wp-block-image size-large\"><img loading=\"lazy\" decoding=\"async\" width=\"650\" height=\"426\" src=\"https:\/\/tvc16.com\/portal\/wp-content\/uploads\/2021\/03\/C-FOTO-13.jpg\" alt=\"\" class=\"wp-image-12080\" srcset=\"https:\/\/tvc16.com\/portal\/wp-content\/uploads\/2021\/03\/C-FOTO-13.jpg 650w, https:\/\/tvc16.com\/portal\/wp-content\/uploads\/2021\/03\/C-FOTO-13-300x197.jpg 300w, https:\/\/tvc16.com\/portal\/wp-content\/uploads\/2021\/03\/C-FOTO-13-370x241.jpg 370w\" sizes=\"auto, (max-width: 650px) 100vw, 650px\" \/><\/figure>\n\n\n\n<p><strong>A hist\u00f3ria negra de Chillon<\/strong><\/p>\n\n\n\n<p>Nos momentos em que caminhava sozinha por algumas salas do castelo, o sil\u00eancio estava pesado. Era como se ele fosse uma das muitas personagens das hist\u00f3rias que ouv\u00edamos. O sil\u00eancio de Chillon. Pode ter sido minha imagina\u00e7\u00e3o, mas a presen\u00e7a de desespero, esperan\u00e7a e, at\u00e9 mesmo, da falta dela, parecia t\u00e3o espessa e palp\u00e1vel quanto as colunas de um metro de di\u00e2metro que avist\u00e1vamos ali dentro.<\/p>\n\n\n\n<figure class=\"wp-block-image size-large\"><img loading=\"lazy\" decoding=\"async\" width=\"650\" height=\"433\" src=\"https:\/\/tvc16.com\/portal\/wp-content\/uploads\/2021\/03\/C-FOTO-14.jpg\" alt=\"\" class=\"wp-image-12081\" srcset=\"https:\/\/tvc16.com\/portal\/wp-content\/uploads\/2021\/03\/C-FOTO-14.jpg 650w, https:\/\/tvc16.com\/portal\/wp-content\/uploads\/2021\/03\/C-FOTO-14-300x200.jpg 300w\" sizes=\"auto, (max-width: 650px) 100vw, 650px\" \/><\/figure>\n\n\n\n<p><strong>Outros prisioneiros de Chillon<\/strong><\/p>\n\n\n\n<p><strong>Os judeus de Villeneuve<\/strong><\/p>\n\n\n\n<p>Bonivard e seus companheiros de pris\u00e3o (muitos dos quais n\u00e3o sobreviveram) n\u00e3o foram os \u00fanicos prisioneiros da masmorra. Durante uma praga devastadora em 1348, cidad\u00e3os judeus da vizinha Villeneuve foram presos e torturados aqui. Eles foram acusados de causar a Peste Negra envenenando os po\u00e7os e os alimentos para destruir o Cristianismo. \u00c9 dif\u00edcil imaginar que este tipo de ignor\u00e2ncia e crueldade pode ocorrer.<\/p>\n\n\n\n<figure class=\"wp-block-image size-large\"><img loading=\"lazy\" decoding=\"async\" width=\"683\" height=\"1024\" src=\"https:\/\/tvc16.com\/portal\/wp-content\/uploads\/2021\/03\/C-FOTO-15A-683x1024.jpg\" alt=\"\" class=\"wp-image-12082\" srcset=\"https:\/\/tvc16.com\/portal\/wp-content\/uploads\/2021\/03\/C-FOTO-15A-683x1024.jpg 683w, https:\/\/tvc16.com\/portal\/wp-content\/uploads\/2021\/03\/C-FOTO-15A-200x300.jpg 200w, https:\/\/tvc16.com\/portal\/wp-content\/uploads\/2021\/03\/C-FOTO-15A-768x1152.jpg 768w, https:\/\/tvc16.com\/portal\/wp-content\/uploads\/2021\/03\/C-FOTO-15A-1024x1536.jpg 1024w, https:\/\/tvc16.com\/portal\/wp-content\/uploads\/2021\/03\/C-FOTO-15A.jpg 1200w\" sizes=\"auto, (max-width: 683px) 100vw, 683px\" \/><\/figure>\n\n\n\n<figure class=\"wp-block-image size-large\"><img loading=\"lazy\" decoding=\"async\" width=\"183\" height=\"275\" src=\"https:\/\/tvc16.com\/portal\/wp-content\/uploads\/2021\/03\/C-FOTO-15B.jpg\" alt=\"\" class=\"wp-image-12083\"\/><\/figure>\n\n\n\n<figure class=\"wp-block-image size-large\"><img loading=\"lazy\" decoding=\"async\" width=\"800\" height=\"600\" src=\"https:\/\/tvc16.com\/portal\/wp-content\/uploads\/2021\/03\/C-FOTO-15C.jpg\" alt=\"\" class=\"wp-image-12084\" srcset=\"https:\/\/tvc16.com\/portal\/wp-content\/uploads\/2021\/03\/C-FOTO-15C.jpg 800w, https:\/\/tvc16.com\/portal\/wp-content\/uploads\/2021\/03\/C-FOTO-15C-300x225.jpg 300w, https:\/\/tvc16.com\/portal\/wp-content\/uploads\/2021\/03\/C-FOTO-15C-768x576.jpg 768w, https:\/\/tvc16.com\/portal\/wp-content\/uploads\/2021\/03\/C-FOTO-15C-200x150.jpg 200w\" sizes=\"auto, (max-width: 800px) 100vw, 800px\" \/><\/figure>\n\n\n\n<p><strong>As bruxas<\/strong><\/p>\n\n\n\n<p>Hoje pensamos na Su\u00ed\u00e7a como um pa\u00eds pac\u00edfico, mas no s\u00e9culo XVI e no in\u00edcio do s\u00e9culo XVII, o Canto de Vaud &#8211; regi\u00e3o da Su\u00ed\u00e7a Ocidental onde o Chateau de Chillon est\u00e1 localizado &#8211; era um celeiro para a ca\u00e7a \u00e0s bruxas. Mais de 2.000 mortes podem ser atribu\u00eddas ao assassinato de bruxas e a fortaleza n\u00e3o foi exce\u00e7\u00e3o. Em 1613, um total de 27 &#8216;bruxas&#8217; condenadas foram queimadas em um dos p\u00e1tios do castelo. Abaixo, um dos tr\u00eas p\u00e1tios do castelo.<\/p>\n\n\n\n<figure class=\"wp-block-image size-large\"><img loading=\"lazy\" decoding=\"async\" width=\"650\" height=\"433\" src=\"https:\/\/tvc16.com\/portal\/wp-content\/uploads\/2021\/03\/C-FOTO-16.jpg\" alt=\"\" class=\"wp-image-12085\" srcset=\"https:\/\/tvc16.com\/portal\/wp-content\/uploads\/2021\/03\/C-FOTO-16.jpg 650w, https:\/\/tvc16.com\/portal\/wp-content\/uploads\/2021\/03\/C-FOTO-16-300x200.jpg 300w\" sizes=\"auto, (max-width: 650px) 100vw, 650px\" \/><\/figure>\n\n\n\n<p><strong>Uma vis\u00e3o rom\u00e2ntica<\/strong><\/p>\n\n\n\n<p>Ao contr\u00e1rio dos muitos prisioneiros de Chillon, tive a liberdade de sacudir o frio da masmorra e deixar o por\u00e3o para tr\u00e1s. Quando sa\u00ed para a luz do sol de um p\u00e1tio, me perguntei se foi a hist\u00f3ria sombria do castelo que inspirou Lord Byron e tantos outros. Talvez fosse a beleza medieval de Chillon, destacada contra o cen\u00e1rio deslumbrante do Lago Genebra e dos Alpes, que capturou sua imagina\u00e7\u00e3o. Mas tamb\u00e9m poderia ter sido uma mistura de ambos, a luta sombria e gloriosa em algum tipo de irresist\u00edvel e magn\u00edfico desfecho. Seja qual for o motivo, o Castelo de Chillon continua a lan\u00e7ar seu feiti\u00e7o at\u00e9 hoje. A hist\u00f3ria e a natureza. O medo e o fasc\u00ednio. A tortura e o encantamento. Tudo \u00e9 surpreendente neste lugar.<\/p>\n\n\n\n<figure class=\"wp-block-image size-large\"><img loading=\"lazy\" decoding=\"async\" width=\"650\" height=\"433\" src=\"https:\/\/tvc16.com\/portal\/wp-content\/uploads\/2021\/03\/C-FOTO-17.jpg\" alt=\"\" class=\"wp-image-12086\" srcset=\"https:\/\/tvc16.com\/portal\/wp-content\/uploads\/2021\/03\/C-FOTO-17.jpg 650w, https:\/\/tvc16.com\/portal\/wp-content\/uploads\/2021\/03\/C-FOTO-17-300x200.jpg 300w\" sizes=\"auto, (max-width: 650px) 100vw, 650px\" \/><\/figure>\n\n\n\n<p><strong>Onde fica o Ch\u00e2teau de Chillon?<\/strong><\/p>\n\n\n\n<p>O Castelo de Chillon est\u00e1 localizado no Lago Genebra, na Su\u00ed\u00e7a, perto de Montreux. Fica na extremidade leste do lago, cerca de 100 km a nordeste de Genebra. O endere\u00e7o exato \u00e9 Avenue de Chillon, 21, 1820 Veytaux.<\/p>\n\n\n\n<p><strong>O que ver<\/strong><\/p>\n\n\n\n<p>Embora eu estivesse ligeiramente obcecada com a masmorra, h\u00e1 muito mais para ver. Os destaques incluem os tr\u00eas p\u00e1tios e quatro impressionantes Grandes Sal\u00f5es que j\u00e1 foram usados para banquetes pelos Savoys. Uma sala a n\u00e3o perder \u00e9 a C\u00e2mera Domini, que era para uso privado do Duque de Sab\u00f3ia. Particularmente bonitos s\u00e3o os murais desbotados do s\u00e9culo XIV da sala e a adega, muito bem conservada.<\/p>\n\n\n\n<figure class=\"wp-block-image size-large\"><img loading=\"lazy\" decoding=\"async\" width=\"650\" height=\"433\" src=\"https:\/\/tvc16.com\/portal\/wp-content\/uploads\/2021\/03\/C-FOTO-18.jpg\" alt=\"\" class=\"wp-image-12087\" srcset=\"https:\/\/tvc16.com\/portal\/wp-content\/uploads\/2021\/03\/C-FOTO-18.jpg 650w, https:\/\/tvc16.com\/portal\/wp-content\/uploads\/2021\/03\/C-FOTO-18-300x200.jpg 300w\" sizes=\"auto, (max-width: 650px) 100vw, 650px\" \/><\/figure>\n\n\n\n<figure class=\"wp-block-image size-large\"><img loading=\"lazy\" decoding=\"async\" width=\"1024\" height=\"768\" src=\"https:\/\/tvc16.com\/portal\/wp-content\/uploads\/2021\/03\/C-FOTO-19-1024x768.jpg\" alt=\"\" class=\"wp-image-12088\" srcset=\"https:\/\/tvc16.com\/portal\/wp-content\/uploads\/2021\/03\/C-FOTO-19-1024x768.jpg 1024w, https:\/\/tvc16.com\/portal\/wp-content\/uploads\/2021\/03\/C-FOTO-19-300x225.jpg 300w, https:\/\/tvc16.com\/portal\/wp-content\/uploads\/2021\/03\/C-FOTO-19-768x576.jpg 768w, https:\/\/tvc16.com\/portal\/wp-content\/uploads\/2021\/03\/C-FOTO-19-200x150.jpg 200w, https:\/\/tvc16.com\/portal\/wp-content\/uploads\/2021\/03\/C-FOTO-19.jpg 1440w\" sizes=\"auto, (max-width: 1024px) 100vw, 1024px\" \/><\/figure>\n\n\n\n<figure class=\"wp-block-image size-large\"><img loading=\"lazy\" decoding=\"async\" width=\"840\" height=\"630\" src=\"https:\/\/tvc16.com\/portal\/wp-content\/uploads\/2021\/03\/C-FOTO-20.jpg\" alt=\"\" class=\"wp-image-12089\" srcset=\"https:\/\/tvc16.com\/portal\/wp-content\/uploads\/2021\/03\/C-FOTO-20.jpg 840w, https:\/\/tvc16.com\/portal\/wp-content\/uploads\/2021\/03\/C-FOTO-20-300x225.jpg 300w, https:\/\/tvc16.com\/portal\/wp-content\/uploads\/2021\/03\/C-FOTO-20-768x576.jpg 768w, https:\/\/tvc16.com\/portal\/wp-content\/uploads\/2021\/03\/C-FOTO-20-200x150.jpg 200w\" sizes=\"auto, (max-width: 840px) 100vw, 840px\" \/><\/figure>\n\n\n\n<p>H\u00e1 uma Sala de Armas e as defesas do castelo valem bem a pena explorar com sua caminhada de sentinela e muralhas duplas. A sala Peter II cont\u00e9m uma exposi\u00e7\u00e3o sobre a hist\u00f3ria dos Savoys, e a loja de presentes tem 100 anos.<\/p>\n\n\n\n<figure class=\"wp-block-image size-large\"><img loading=\"lazy\" decoding=\"async\" width=\"840\" height=\"560\" src=\"https:\/\/tvc16.com\/portal\/wp-content\/uploads\/2021\/03\/C-FOTO-21.jpg\" alt=\"\" class=\"wp-image-12090\" srcset=\"https:\/\/tvc16.com\/portal\/wp-content\/uploads\/2021\/03\/C-FOTO-21.jpg 840w, https:\/\/tvc16.com\/portal\/wp-content\/uploads\/2021\/03\/C-FOTO-21-300x200.jpg 300w, https:\/\/tvc16.com\/portal\/wp-content\/uploads\/2021\/03\/C-FOTO-21-768x512.jpg 768w\" sizes=\"auto, (max-width: 840px) 100vw, 840px\" \/><\/figure>\n\n\n\n<p><strong>Fatos sobre o Castelo de Chillon<\/strong><\/p>\n\n\n\n<p>* Chillon \u00e9 um castelo insular constru\u00eddo em uma sali\u00eancia rochosa a poucos metros da margem do Lago de Genebra.<\/p>\n\n\n\n<p>* A ilha \u00e9 habitada desde a Idade do Bronze.<\/p>\n\n\n\n<p>* Um castelo est\u00e1 instalado na ilha h\u00e1 pelo menos 1.000 anos.<\/p>\n\n\n\n<p>* Ao contr\u00e1rio da maioria dos castelos, Chillon \u00e9 constru\u00eddo em uma forma oval de &#8220;barco&#8221; que segue o contorno da ilha.<\/p>\n\n\n\n<p>* As masmorras s\u00e3o esculpidas na rocha sobre a qual o castelo foi constru\u00eddo. Sombrio e encantador.<\/p>\n\n\n\n<p>* No s\u00e9culo XIII, tornou-se a resid\u00eancia de ver\u00e3o dos Condes de Sab\u00f3ia.<\/p>\n\n\n\n<p>* O su\u00ed\u00e7o Bernese conquistou o castelo em 1536 ap\u00f3s um curto cerco.<\/p>\n\n\n\n<p>* Inspirado pela Revolu\u00e7\u00e3o Francesa, os cidad\u00e3os de Vevey e Montreux ocuparam o castelo em 1798, que agora pertence ao Cant\u00e3o de Vaud.<\/p>\n\n\n\n<p>* Uma cena do romance Julie de Jean-Jacques Rousseau (tamb\u00e9m chamada A Nova H\u00e9loise) se passa no castelo.<\/p>\n\n\n\n<p>* Inspirado por Rousseau, Lord Byron visitou a fortaleza em 1816 e escreveu seu famoso poema, o Prisioneiro de Chillon.<\/p>\n\n\n\n<p>* Durante a Era Rom\u00e2ntica do s\u00e9culo XIX, Chillon se tornou uma atra\u00e7\u00e3o extremamente popular.<\/p>\n\n\n\n<p>* O Castelo \u00e9, hoje, o monumento mais visitado da Su\u00ed\u00e7a.<\/p>\n\n\n\n<figure class=\"wp-block-image size-large\"><img loading=\"lazy\" decoding=\"async\" width=\"768\" height=\"1024\" src=\"https:\/\/tvc16.com\/portal\/wp-content\/uploads\/2021\/03\/C-FOTO-22-768x1024.jpg\" alt=\"\" class=\"wp-image-12091\" srcset=\"https:\/\/tvc16.com\/portal\/wp-content\/uploads\/2021\/03\/C-FOTO-22-768x1024.jpg 768w, https:\/\/tvc16.com\/portal\/wp-content\/uploads\/2021\/03\/C-FOTO-22-225x300.jpg 225w, https:\/\/tvc16.com\/portal\/wp-content\/uploads\/2021\/03\/C-FOTO-22.jpg 1024w\" sizes=\"auto, (max-width: 768px) 100vw, 768px\" \/><\/figure>\n\n\n\n<p>C<strong>omo chegar ao Castelo de Chillon<\/strong><\/p>\n\n\n\n<p>De trem de Lausanne: Para chegar ao Ch\u00e2teau de Chillon, pegue o trem para Montreux de Lausanne (cerca de 20 minutos).<\/p>\n\n\n\n<p>Caminhada: De Montreux, des\u00e7a at\u00e9 a orla e ao longo do cal\u00e7ad\u00e3o de 4 quil\u00f4metros at\u00e9 o castelo. \u00c9 espetacular.<\/p>\n\n\n\n<p>\u00d4nibus: Para pegar o \u00f4nibus de volta de Chillon a Montreux, atravesse a passarela da rodovia que sai do castelo e voc\u00ea ver\u00e1 a parada.<\/p>\n\n\n\n<p>Para ir de Montreux ao Castelo de Chillon de \u00f4nibus, voc\u00ea pode pegar o \u00f4nibus VMC n\u00ba. 201 da esta\u00e7\u00e3o de trem at\u00e9 o ponto de \u00f4nibus Veytaux.<\/p>\n\n\n\n<p>Genebra ao Castelo de Chillon: Pegue o trem de Genebra a Montreux e siga as sugest\u00f5es acima.<\/p>\n\n\n\n<p>De barco: por que n\u00e3o navegar em um navio a vapor hist\u00f3rico? Foi assim que Mark Twain o fez, e deve ser a forma mais rom\u00e2ntica de visitar o Castelo de Chillon. Durante a alta temporada, h\u00e1 partidas de Lausanne, Vevey, Montreux e Villeneuve.<\/p>\n\n\n\n<p>De Evian-les-Bains: Pegue o barco de Evian-les-Bains para Lausanne e o trem para Montreux.<\/p>\n\n\n\n<p><strong>Taxa de entrada e hor\u00e1rio de visita\u00e7\u00e3o<\/strong><\/p>\n\n\n\n<p>Os pre\u00e7os s\u00e3o para adultos CHF 12,50, crian\u00e7as CHF 6. Voc\u00ea pode comprar um ingresso no castelo ou reservar online com anteced\u00eancia no site do castelo. Durante abril a setembro, o castelo est\u00e1 aberto das 9h \u00e0s 19h, com as \u00faltimas entradas \u00e0s 18h. De novembro a fevereiro, o hor\u00e1rio de Chillon \u00e9 das 10h \u00e0s 17h. Programe-se aproveite este destino encantador!<\/p>\n\n\n\n<figure class=\"wp-block-image size-large\"><img loading=\"lazy\" decoding=\"async\" width=\"1024\" height=\"868\" src=\"https:\/\/tvc16.com\/portal\/wp-content\/uploads\/2021\/03\/C-FOTO-23-1024x868.jpg\" alt=\"\" class=\"wp-image-12092\" srcset=\"https:\/\/tvc16.com\/portal\/wp-content\/uploads\/2021\/03\/C-FOTO-23-1024x868.jpg 1024w, https:\/\/tvc16.com\/portal\/wp-content\/uploads\/2021\/03\/C-FOTO-23-300x254.jpg 300w, https:\/\/tvc16.com\/portal\/wp-content\/uploads\/2021\/03\/C-FOTO-23-768x651.jpg 768w, https:\/\/tvc16.com\/portal\/wp-content\/uploads\/2021\/03\/C-FOTO-23-1536x1302.jpg 1536w, https:\/\/tvc16.com\/portal\/wp-content\/uploads\/2021\/03\/C-FOTO-23.jpg 1696w\" sizes=\"auto, (max-width: 1024px) 100vw, 1024px\" \/><\/figure>\n","protected":false},"excerpt":{"rendered":"<p>Se voc\u00ea estiver viajando para o Lake Geneva, n\u00e3o perca a oportunidade de visitar o<\/p>\n","protected":false},"author":2,"featured_media":12064,"comment_status":"open","ping_status":"open","sticky":false,"template":"","format":"standard","meta":{"footnotes":""},"categories":[16],"tags":[],"class_list":["post-12063","post","type-post","status-publish","format-standard","has-post-thumbnail","hentry","category-colunistas"],"_links":{"self":[{"href":"https:\/\/tvc16.com\/portal\/wp-json\/wp\/v2\/posts\/12063","targetHints":{"allow":["GET"]}}],"collection":[{"href":"https:\/\/tvc16.com\/portal\/wp-json\/wp\/v2\/posts"}],"about":[{"href":"https:\/\/tvc16.com\/portal\/wp-json\/wp\/v2\/types\/post"}],"author":[{"embeddable":true,"href":"https:\/\/tvc16.com\/portal\/wp-json\/wp\/v2\/users\/2"}],"replies":[{"embeddable":true,"href":"https:\/\/tvc16.com\/portal\/wp-json\/wp\/v2\/comments?post=12063"}],"version-history":[{"count":1,"href":"https:\/\/tvc16.com\/portal\/wp-json\/wp\/v2\/posts\/12063\/revisions"}],"predecessor-version":[{"id":12093,"href":"https:\/\/tvc16.com\/portal\/wp-json\/wp\/v2\/posts\/12063\/revisions\/12093"}],"wp:featuredmedia":[{"embeddable":true,"href":"https:\/\/tvc16.com\/portal\/wp-json\/wp\/v2\/media\/12064"}],"wp:attachment":[{"href":"https:\/\/tvc16.com\/portal\/wp-json\/wp\/v2\/media?parent=12063"}],"wp:term":[{"taxonomy":"category","embeddable":true,"href":"https:\/\/tvc16.com\/portal\/wp-json\/wp\/v2\/categories?post=12063"},{"taxonomy":"post_tag","embeddable":true,"href":"https:\/\/tvc16.com\/portal\/wp-json\/wp\/v2\/tags?post=12063"}],"curies":[{"name":"wp","href":"https:\/\/api.w.org\/{rel}","templated":true}]}}