{"id":12094,"date":"2021-03-30T17:48:19","date_gmt":"2021-03-30T20:48:19","guid":{"rendered":"https:\/\/tvc16.com\/portal\/?p=12094"},"modified":"2021-03-30T17:48:21","modified_gmt":"2021-03-30T20:48:21","slug":"governo-do-estado-institui-calendario-unico-de-vacinacao-contra-a-covid-19","status":"publish","type":"post","link":"https:\/\/tvc16.com\/portal\/2021\/03\/30\/governo-do-estado-institui-calendario-unico-de-vacinacao-contra-a-covid-19\/","title":{"rendered":"Governo do Estado institui Calend\u00e1rio \u00danico de Vacina\u00e7\u00e3o contra a Covid-19"},"content":{"rendered":"\n<p><em>For\u00e7as de Seguran\u00e7a, Salvamento e profissionais de Educa\u00e7\u00e3o agora fazem parte do grupo priorit\u00e1rio para imuniza\u00e7\u00e3o<\/em><\/p>\n\n\n\n<p>O governador em exerc\u00edcio do Rio, Cl\u00e1udio Castro, anunciou, nesta ter\u00e7a-feira (30\/03), a cria\u00e7\u00e3o de um Calend\u00e1rio \u00danico de Vacina\u00e7\u00e3o contra a Covid-19. O objetivo \u00e9 garantir a uniformidade na imuniza\u00e7\u00e3o em todas as regi\u00f5es do estado e a prioridade da popula\u00e7\u00e3o de maior risco. De acordo com o decreto publicado nesta ter\u00e7a-feira, profissionais da \u00e1rea de seguran\u00e7a e salvamento passam a fazer parte do grupo priorit\u00e1rio e ser\u00e3o imunizados a partir do dia 12 de abril.<\/p>\n\n\n\n<p>Al\u00e9m disso, a iniciativa visa intensificar a imuniza\u00e7\u00e3o para profissionais de sa\u00fade. Os mais de 320 mil que ainda n\u00e3o foram vacinados receber\u00e3o a primeira dose at\u00e9 o dia 10 de abril. O decreto ainda prev\u00ea que idosos com 60 anos ou mais recebam a primeira dose at\u00e9 o dia 17 de abril.<\/p>\n\n\n\n<p>J\u00e1 os profissionais de Educa\u00e7\u00e3o tamb\u00e9m est\u00e3o no grupo priorit\u00e1rio e devem come\u00e7ar a ser imunizados na segunda quinzena de abril.<\/p>\n\n\n\n<p>&#8211; O Calend\u00e1rio \u00danico de Vacina\u00e7\u00e3o vai dar mais tranquilidade \u00e0 popula\u00e7\u00e3o. Os prefeitos perceberam uma grande migra\u00e7\u00e3o de pessoas para munic\u00edpios vizinhos em busca da vacina. N\u00f3s queremos que a vacina chegue para todas as regi\u00f5es do estado. A imuniza\u00e7\u00e3o \u00e9 a nossa grande esperan\u00e7a e vamos continuar trabalhando para que a vacina\u00e7\u00e3o prossiga da melhor forma poss\u00edvel \u2013 destacou Cl\u00e1udio Castro.<\/p>\n\n\n\n<p>O calend\u00e1rio \u00fanico servir\u00e1 como norte para os munic\u00edpios para que todos possam acompanhar as fases de imuniza\u00e7\u00e3o. As cidades que j\u00e1 est\u00e3o adiantadas em rela\u00e7\u00e3o \u00e0 vacina\u00e7\u00e3o do primeiro grupo previsto no calend\u00e1rio \u00fanico poder\u00e3o dar prosseguimento aos seus calend\u00e1rios. Entretanto, as secretarias municipais de Sa\u00fade dever\u00e3o seguir os grupos previstos na 1\u00aa fase de imuniza\u00e7\u00e3o, conforme preconizado no Plano Nacional.<\/p>\n\n\n\n<p><strong>Idosos apoiam calend\u00e1rio \u00fanico<\/strong><\/p>\n\n\n\n<p>Dona Maria Cristina Cotia anda numa ansiedade que s\u00f3. Aos 69 anos, a moradora de Volta Redonda conta os dias \u00e0 espera da t\u00e3o sonhada vacina contra a Covid-19. A expectativa aumenta a cada calend\u00e1rio que \u00e9 anunciado por l\u00e1 e nos munic\u00edpios pr\u00f3ximos, no Sul Fluminense. Com cronogramas diferentes em cada cidade, ela fica ainda mais tensa aguardando sua vez na fila. Por isso, apoia a cria\u00e7\u00e3o do calend\u00e1rio \u00fanico.<\/p>\n\n\n\n<p>&#8211; \u00c9 \u00f3timo esse calend\u00e1rio, com tudo unificado no estado. At\u00e9 porque cada cidade est\u00e1 com um cronograma distinto, vacinando pessoas de idades diferentes. A gente n\u00e3o fica sabendo direito em que idade est\u00e1 e fica meio perdida. Eu vou ficando ansiosa, cada vez mais apreensiva. Espero que todo mundo se vacine muito em breve \u2013 desabafou ela.<\/p>\n\n\n\n<p>A cria\u00e7\u00e3o do Calend\u00e1rio \u00danico de Vacina\u00e7\u00e3o contra a Covid-19, que vai garantir a prote\u00e7\u00e3o da popula\u00e7\u00e3o de maior risco, foi uma proposta do governador em exerc\u00edcio Cl\u00e1udio Castro, com resolu\u00e7\u00e3o elaborada pela Secretaria de Estado de Sa\u00fade.<\/p>\n\n\n\n<p>&#8211; Esse calend\u00e1rio \u00e9 muito importante. N\u00e3o vejo a hora de chegar a minha vez. Deve ser j\u00e1 na outra semana. Espero que chegue logo a esperada vez de tomar a vacina e que seja para todo mundo. Precisamos ficar protegidos dessa terr\u00edvel doen\u00e7a \u2013 disse Ariete Coutinho, de 68 anos, moradora de Niter\u00f3i.<\/p>\n\n\n\n<p>S\u00f4nia Louren\u00e7o, de 64 anos, que tamb\u00e9m mora na cidade da Regi\u00e3o Metropolitana do Rio, espera retomar as atividades em breve.<\/p>\n\n\n\n<p>&#8211; Minha expectativa \u00e9 tomar a vacina e ficar livre da Covid. Quero voltar a trabalhar e ter novamente uma vida normal \u2013 resumiu S\u00f4nia.<\/p>\n\n\n\n<p>Com a distribui\u00e7\u00e3o gradativa das vacinas contra a Covid-19 pelo Minist\u00e9rio da Sa\u00fade, as fases da campanha seguem avan\u00e7ando e abrangendo outros grupos priorit\u00e1rios. O calend\u00e1rio \u00fanico nortear\u00e1 os munic\u00edpios para que todos possam acompanhar as fases de imuniza\u00e7\u00e3o.<\/p>\n","protected":false},"excerpt":{"rendered":"<p>For\u00e7as de Seguran\u00e7a, Salvamento e profissionais de Educa\u00e7\u00e3o agora fazem parte do grupo priorit\u00e1rio para<\/p>\n","protected":false},"author":2,"featured_media":12095,"comment_status":"open","ping_status":"open","sticky":false,"template":"","format":"standard","meta":{"footnotes":""},"categories":[17],"tags":[],"class_list":["post-12094","post","type-post","status-publish","format-standard","has-post-thumbnail","hentry","category-outras-noticias"],"_links":{"self":[{"href":"https:\/\/tvc16.com\/portal\/wp-json\/wp\/v2\/posts\/12094","targetHints":{"allow":["GET"]}}],"collection":[{"href":"https:\/\/tvc16.com\/portal\/wp-json\/wp\/v2\/posts"}],"about":[{"href":"https:\/\/tvc16.com\/portal\/wp-json\/wp\/v2\/types\/post"}],"author":[{"embeddable":true,"href":"https:\/\/tvc16.com\/portal\/wp-json\/wp\/v2\/users\/2"}],"replies":[{"embeddable":true,"href":"https:\/\/tvc16.com\/portal\/wp-json\/wp\/v2\/comments?post=12094"}],"version-history":[{"count":1,"href":"https:\/\/tvc16.com\/portal\/wp-json\/wp\/v2\/posts\/12094\/revisions"}],"predecessor-version":[{"id":12096,"href":"https:\/\/tvc16.com\/portal\/wp-json\/wp\/v2\/posts\/12094\/revisions\/12096"}],"wp:featuredmedia":[{"embeddable":true,"href":"https:\/\/tvc16.com\/portal\/wp-json\/wp\/v2\/media\/12095"}],"wp:attachment":[{"href":"https:\/\/tvc16.com\/portal\/wp-json\/wp\/v2\/media?parent=12094"}],"wp:term":[{"taxonomy":"category","embeddable":true,"href":"https:\/\/tvc16.com\/portal\/wp-json\/wp\/v2\/categories?post=12094"},{"taxonomy":"post_tag","embeddable":true,"href":"https:\/\/tvc16.com\/portal\/wp-json\/wp\/v2\/tags?post=12094"}],"curies":[{"name":"wp","href":"https:\/\/api.w.org\/{rel}","templated":true}]}}