{"id":12097,"date":"2021-03-30T20:27:36","date_gmt":"2021-03-30T23:27:36","guid":{"rendered":"https:\/\/tvc16.com\/portal\/?p=12097"},"modified":"2021-03-30T20:27:38","modified_gmt":"2021-03-30T23:27:38","slug":"operacao-choque-de-ordem-garante-cumprimento-de-decretos-nesta-terca-feira","status":"publish","type":"post","link":"https:\/\/tvc16.com\/portal\/2021\/03\/30\/operacao-choque-de-ordem-garante-cumprimento-de-decretos-nesta-terca-feira\/","title":{"rendered":"Opera\u00e7\u00e3o choque de ordem garante cumprimento de decretos nesta ter\u00e7a-feira"},"content":{"rendered":"\n<p>A Opera\u00e7\u00e3o Choque de Ordem, que re\u00fane secretarias municipais em parceria com as for\u00e7as de seguran\u00e7a, esteve nas ruas do centro, bairros e distritos, na manh\u00e3 desta ter\u00e7a-feira (30), fiscalizando estabelecimentos comerciais que estivessem descumprindo o novo decreto municipal, publicado na segunda-feira (29). Neste primeiro dia de medidas emergenciais mais restritivas, foram sete estabelecimentos intimados a fechar as portas e um multado por desobedecer as normas.<br>No Centro, a multa de R$ 2 mil foi aplicada contra uma loja de departamentos que, apesar de ter sido orientada pela manh\u00e3, no in\u00edcio da tarde as equipes de fiscaliza\u00e7\u00e3o flagraram o estabelecimento descumprindo as determina\u00e7\u00f5es. \u201cTentavam burlar o decreto com o sistema take-away, por\u00e9m, permitiam que clientes escolhessem os produtos pela vitrine e efetuassem o pagamento na porta do local, al\u00e9m de n\u00e3o ser permitido ainda estava gerando aglomera\u00e7\u00f5es\u201d, explica a secret\u00e1ria de Servi\u00e7os, Seguran\u00e7a e Ordem P\u00fablica, Karina Bronzo.<br>De acordo com a secret\u00e1ria, apenas lanchonetes, restaurantes, bares, quiosques e similares podem trabalhar com delivery e take away, conforme previsto em decreto municipal. H\u00e1 tamb\u00e9m estabelecimentos que trabalham com g\u00eaneros aliment\u00edcios, autorizados a trabalhar desta maneira. \u201cAqueles que insistirem no descumprimento do decreto correm o risco de terem seus estabelecimentos interditados\u201d, frisa Karina Bronzo.<br>Estabelecimentos tamb\u00e9m foram fechados nos bairros e nos distritos. Al\u00e9m dos espa\u00e7os comerciais n\u00e3o essenciais flagrados em funcionamento, as equipes de fiscaliza\u00e7\u00e3o tamb\u00e9m estiveram com vendedores ambulantes. Eles foram orientados e suspenderam as vendas.<br>As a\u00e7\u00f5es conjuntas entre os \u00f3rg\u00e3os da Prefeitura e for\u00e7as de seguran\u00e7a para coibir o descumprimento das normas v\u00e3o se estender de forma intensificada at\u00e9 o fim do decreto. As medidas foram necess\u00e1rias para tentar conter os casos de covid-19 na cidade. At\u00e9 a noite de segunda-feira (29\/03), Petr\u00f3polis j\u00e1 registrava a morte de 673 pessoas. O n\u00famero de pessoas internadas em leitos destinados \u00e0 covid-19 bateu recorde na cidade: 334 pessoas, sendo 148 em leitos de UTI. Al\u00e9m disso, os pontos de apoio montados para atendimento a pessoas com sintomas de covid-19 t\u00eam registrado aumento na procura. S\u00f3 no m\u00eas de mar\u00e7o, os tr\u00eas pontos de apoio montados pelo munic\u00edpio fizeram 6.468 atendimentos (at\u00e9 domingo, dia 28). Oitocentos foram registrados apenas de sexta-feira a domingo. O n\u00famero representa um aumento de 52% em rela\u00e7\u00e3o ao m\u00eas de janeiro.<\/p>\n","protected":false},"excerpt":{"rendered":"<p>A Opera\u00e7\u00e3o Choque de Ordem, que re\u00fane secretarias municipais em parceria com as for\u00e7as de<\/p>\n","protected":false},"author":2,"featured_media":12098,"comment_status":"open","ping_status":"open","sticky":false,"template":"","format":"standard","meta":{"footnotes":""},"categories":[12],"tags":[],"class_list":["post-12097","post","type-post","status-publish","format-standard","has-post-thumbnail","hentry","category-cidade"],"_links":{"self":[{"href":"https:\/\/tvc16.com\/portal\/wp-json\/wp\/v2\/posts\/12097","targetHints":{"allow":["GET"]}}],"collection":[{"href":"https:\/\/tvc16.com\/portal\/wp-json\/wp\/v2\/posts"}],"about":[{"href":"https:\/\/tvc16.com\/portal\/wp-json\/wp\/v2\/types\/post"}],"author":[{"embeddable":true,"href":"https:\/\/tvc16.com\/portal\/wp-json\/wp\/v2\/users\/2"}],"replies":[{"embeddable":true,"href":"https:\/\/tvc16.com\/portal\/wp-json\/wp\/v2\/comments?post=12097"}],"version-history":[{"count":1,"href":"https:\/\/tvc16.com\/portal\/wp-json\/wp\/v2\/posts\/12097\/revisions"}],"predecessor-version":[{"id":12099,"href":"https:\/\/tvc16.com\/portal\/wp-json\/wp\/v2\/posts\/12097\/revisions\/12099"}],"wp:featuredmedia":[{"embeddable":true,"href":"https:\/\/tvc16.com\/portal\/wp-json\/wp\/v2\/media\/12098"}],"wp:attachment":[{"href":"https:\/\/tvc16.com\/portal\/wp-json\/wp\/v2\/media?parent=12097"}],"wp:term":[{"taxonomy":"category","embeddable":true,"href":"https:\/\/tvc16.com\/portal\/wp-json\/wp\/v2\/categories?post=12097"},{"taxonomy":"post_tag","embeddable":true,"href":"https:\/\/tvc16.com\/portal\/wp-json\/wp\/v2\/tags?post=12097"}],"curies":[{"name":"wp","href":"https:\/\/api.w.org\/{rel}","templated":true}]}}