{"id":12103,"date":"2021-03-30T20:33:01","date_gmt":"2021-03-30T23:33:01","guid":{"rendered":"https:\/\/tvc16.com\/portal\/?p=12103"},"modified":"2021-03-30T20:33:39","modified_gmt":"2021-03-30T23:33:39","slug":"terca-feira-e-marcada-por-confirmacao-de-mais-14-mortes-por-covid-19-em-petropolis","status":"publish","type":"post","link":"https:\/\/tvc16.com\/portal\/2021\/03\/30\/terca-feira-e-marcada-por-confirmacao-de-mais-14-mortes-por-covid-19-em-petropolis\/","title":{"rendered":"Ter\u00e7a-feira \u00e9 marcada por confirma\u00e7\u00e3o de mais 14 mortes por covid-19 em Petr\u00f3polis"},"content":{"rendered":"\n<p><strong>Cidade registra 99% dos leitos de UTI ocupados<\/strong><\/p>\n\n\n\n<p>O boletim epidemiol\u00f3gico da Secretaria de Sa\u00fade desta ter\u00e7a-feira (30.03) mostrou que Petr\u00f3polis fez, at\u00e9 agora, 131.297 testes para Covid-19, com 24.656 resultados positivos e 101.530 negativos (levando em considera\u00e7\u00e3o testes r\u00e1pidos e Swab). Mais 14 \u00f3bitos foram registrados hoje (30.03).<\/p>\n\n\n\n<p>Neste momento, 148 pessoas est\u00e3o internadas em leitos de UTI privados e pelo SUS. Outras 193 est\u00e3o em leitos cl\u00ednicos, considerando leitos privados e SUS, totalizando assim, 341 interna\u00e7\u00f5es em toda a rede da cidade. A ocupa\u00e7\u00e3o de leitos cl\u00ednicos pelo SUS \u00e9 de 88,99% e 99,07% em leitos de UTI.<\/p>\n\n\n\n<p>A Secretaria de Sa\u00fade esclarece que o n\u00famero de \u00f3bitos, hoje em 687, \u00e9 atualizado nos boletins apenas ap\u00f3s o registro do atestado de \u00f3bito e do resultado do exame do paciente no sistema da Vigil\u00e2ncia Epidemiol\u00f3gica, o que \u00e9 feito por equipe administrativa. Trata-se de medida de seguran\u00e7a para evitar erro na informa\u00e7\u00e3o divulgada pela Secretaria de Sa\u00fade.<\/p>\n\n\n\n<p>A Secretaria acrescenta, ainda, que trabalha na atualiza\u00e7\u00e3o de dados de notifica\u00e7\u00f5es e casos em an\u00e1lise no sistema, inserindo ainda dados n\u00e3o lan\u00e7ados no fim do ano passado. \u00c9 poss\u00edvel acompanhar a evolu\u00e7\u00e3o dos casos no portal da transpar\u00eancia do coronav\u00edrus, no site da Prefeitura (www.petropolis.rj.gov.br)<\/p>\n\n\n\n<p>\u00d3bitos registrados<br>1- Mulher, 79 anos, moradora do Centro. Internada no HAC em 16.03.21. \u00d3bito registrado no HAC no dia 30.03.21. Paciente com hipertens\u00e3o arterial.<\/p>\n\n\n\n<p><br>2- Homem, 77 anos, morador de Secret\u00e1rio. Internado em 25.03.21 no Hospital Unimed. \u00d3bito registrado em 28.03,21 no Hospital Unimed. Paciente com hipertens\u00e3o arterial.<\/p>\n\n\n\n<p><br>3- Homem, 81 anos morador de Nogueira. Internado no Hospital Unimed em 24.03.21 . \u00d3bito registrado em 29.03.21 no Hospital Unimed. Paciente com doen\u00e7a cardiovascular e dem\u00eancia senil.<\/p>\n\n\n\n<p><br>4- Homem, 61 anos, morador da Mosela. Internado na UPA Cascatinha em 15.03.21 e transferido para o HNSA em 16.03.21. \u00f3bito registrado em 30.03.21 no HNSA. Paciente com hipertens\u00e3o arterial.<\/p>\n\n\n\n<p><br>5- Mulher, 86 anos, moradora de Araras. Internada em 22.03.21 na UPA Cascatinha e transferida para o HNSA em 23.03.21. \u00d3bito registrado em 25.03.21 no HNSA. Paciente com insufici\u00eancia renal aguda, hipertens\u00e3o arterial e doen\u00e7a pulmonar obstrutiva cr\u00f4nica.<\/p>\n\n\n\n<p><br>6- Homem, 77 anos, morador do Brejal. Internado na UPA Itaipava em 18.03.21 e transferido para o HNSA em 20.03.21. \u00f3bito registrado em 25.03.21. Paciente com doen\u00e7a renal cr\u00f4nica.<\/p>\n\n\n\n<p><br>7- Homem, 58 anos, morador do Pedras Brancas. Internado em 15.03.21 na UPA Centro e transferido para o HNSA. \u00d3bito registrado em 27.03.21. Paciente tinha hipertens\u00e3o arterial.<\/p>\n\n\n\n<p><br>8- Mulher 65 anos, moradora da Mosela. Internada na UPA Cascatinha em 14.03.21 e transferida para o HNSA em 15.03.21 \u00d3bito em 26.03.21 no HNSA. Paciente com hipertens\u00e3o arterial.<\/p>\n\n\n\n<p><br>9- Mulher, 57 anos, moradora do Bingen. Internada na UPA Cascatinha em 04.03.21 e transferida para o HNSA em 13.03.21. \u00d3bito registrado em 23.03.21 no HNSA. Paciente com hipertens\u00e3o.<\/p>\n\n\n\n<p><br>10- Mulher, 83 ano, moradora de Cascatinha. Internada na UPA Cascatinha em 04.03.21 e transferida para o HNSA em 22.03.21. \u00d3bito registrado em 24.03.21 no HNSA. Paciente com hipertens\u00e3o e diabetes.<\/p>\n\n\n\n<p><br>11- Homem, 92 anos, morador do Valpara\u00edso. Internado em 03.03.21 no PSLS e transferido para o HMNSE em 04.03.21. \u00d3bito registrado em 29.03.21 no HMNSE. Paciente com doen\u00e7a renal cr\u00f4nica e hipertens\u00e3o.<\/p>\n\n\n\n<p><br>12- Mulher, 60 anos, moradora do Vila Rica. Internada na UPA Cascatinha em 16.03.21 e transferida para o HMNSE em 22.03.21. \u00d3bito registrado em 26.03.21 no HMNSE. Paciente com hipertens\u00e3o arterial.<\/p>\n\n\n\n<p><br>13- Homem, 63 anos, morador do Castelo de S\u00e3o Manoel. Internado na UPA Itaipava em 16.03.21 e transferido para o HMNSE em 18.03.21. \u00d3bito registrado em 28.03.21 no HMNSE. Paciente com hepatite C e hipertens\u00e3o.<\/p>\n\n\n\n<p><br>14- Mulher, 88 anos, moradora do Valparaiso. Internada no PSLS em 21.03.21 e transferida para o HMNSE em 22.03.21. \u00d3bito registrado em 29.03.21 no HMNSE. Paciente com doen\u00e7a cardiovascular.<\/p>\n","protected":false},"excerpt":{"rendered":"<p>Cidade registra 99% dos leitos de UTI ocupados O boletim epidemiol\u00f3gico da Secretaria de Sa\u00fade<\/p>\n","protected":false},"author":2,"featured_media":12104,"comment_status":"open","ping_status":"open","sticky":false,"template":"","format":"standard","meta":{"footnotes":""},"categories":[12],"tags":[],"class_list":["post-12103","post","type-post","status-publish","format-standard","has-post-thumbnail","hentry","category-cidade"],"_links":{"self":[{"href":"https:\/\/tvc16.com\/portal\/wp-json\/wp\/v2\/posts\/12103","targetHints":{"allow":["GET"]}}],"collection":[{"href":"https:\/\/tvc16.com\/portal\/wp-json\/wp\/v2\/posts"}],"about":[{"href":"https:\/\/tvc16.com\/portal\/wp-json\/wp\/v2\/types\/post"}],"author":[{"embeddable":true,"href":"https:\/\/tvc16.com\/portal\/wp-json\/wp\/v2\/users\/2"}],"replies":[{"embeddable":true,"href":"https:\/\/tvc16.com\/portal\/wp-json\/wp\/v2\/comments?post=12103"}],"version-history":[{"count":2,"href":"https:\/\/tvc16.com\/portal\/wp-json\/wp\/v2\/posts\/12103\/revisions"}],"predecessor-version":[{"id":12106,"href":"https:\/\/tvc16.com\/portal\/wp-json\/wp\/v2\/posts\/12103\/revisions\/12106"}],"wp:featuredmedia":[{"embeddable":true,"href":"https:\/\/tvc16.com\/portal\/wp-json\/wp\/v2\/media\/12104"}],"wp:attachment":[{"href":"https:\/\/tvc16.com\/portal\/wp-json\/wp\/v2\/media?parent=12103"}],"wp:term":[{"taxonomy":"category","embeddable":true,"href":"https:\/\/tvc16.com\/portal\/wp-json\/wp\/v2\/categories?post=12103"},{"taxonomy":"post_tag","embeddable":true,"href":"https:\/\/tvc16.com\/portal\/wp-json\/wp\/v2\/tags?post=12103"}],"curies":[{"name":"wp","href":"https:\/\/api.w.org\/{rel}","templated":true}]}}