{"id":12107,"date":"2021-03-31T13:02:59","date_gmt":"2021-03-31T16:02:59","guid":{"rendered":"https:\/\/tvc16.com\/portal\/?p=12107"},"modified":"2021-03-31T13:28:57","modified_gmt":"2021-03-31T16:28:57","slug":"apos-temporal-arvore-atinge-casa-em-nogueira-e-moradores-de-itaipava-completam-15-horas-sem-luz","status":"publish","type":"post","link":"https:\/\/tvc16.com\/portal\/2021\/03\/31\/apos-temporal-arvore-atinge-casa-em-nogueira-e-moradores-de-itaipava-completam-15-horas-sem-luz\/","title":{"rendered":"Ap\u00f3s temporal \u00e1rvore atinge casa em Nogueira, e moradores de Itaipava completam 15 horas sem luz"},"content":{"rendered":"\n<p>Na noite desta ter\u00e7a-feira (31), um forte temporal, por volta das 21h30, atingiu diversas regi\u00f5es de Petr\u00f3polis, principalmente o terceiro distrito. Em Nogueira, na Rua Chile, uma enorme \u00e1rvore caiu, devido as rajadas de vento, e atingiu um im\u00f3vel. Um dos quartos da casa ficou destru\u00eddo. Por sorte ningu\u00e9m ficou ferido. O Corpo de Bombeiros foi acionado para realizar a remo\u00e7\u00e3o da \u00e1rvore. <\/p>\n\n\n\n<figure class=\"wp-block-image size-large\"><img decoding=\"async\" src=\"https:\/\/tvc16.com\/portal\/wp-content\/uploads\/2021\/03\/WhatsApp-Image-2021-03-31-at-10.05.25-1024x766.jpeg\" alt=\"\" class=\"wp-image-12109\"\/><\/figure>\n\n\n\n<figure class=\"wp-block-image size-large\"><img loading=\"lazy\" decoding=\"async\" width=\"766\" height=\"1024\" src=\"https:\/\/tvc16.com\/portal\/wp-content\/uploads\/2021\/03\/WhatsApp-Image-2021-03-31-at-10.05.25-2-766x1024.jpeg\" alt=\"\" class=\"wp-image-12110\" srcset=\"https:\/\/tvc16.com\/portal\/wp-content\/uploads\/2021\/03\/WhatsApp-Image-2021-03-31-at-10.05.25-2-766x1024.jpeg 766w, https:\/\/tvc16.com\/portal\/wp-content\/uploads\/2021\/03\/WhatsApp-Image-2021-03-31-at-10.05.25-2-225x300.jpeg 225w, https:\/\/tvc16.com\/portal\/wp-content\/uploads\/2021\/03\/WhatsApp-Image-2021-03-31-at-10.05.25-2-768x1026.jpeg 768w, https:\/\/tvc16.com\/portal\/wp-content\/uploads\/2021\/03\/WhatsApp-Image-2021-03-31-at-10.05.25-2.jpeg 958w\" sizes=\"auto, (max-width: 766px) 100vw, 766px\" \/><\/figure>\n\n\n\n<p>J\u00e1 em Itaipava, na Rua Am\u00e9rico Ferreira, pr\u00f3ximo ao Col\u00e9gio Liceu, um transformador estourou e os moradores est\u00e3o desde \u00e0s 22h, de ter\u00e7a-feira (30), sem luz. A Enel j\u00e1 foi informada sobre o problema, mas at\u00e9 o momento nenhuma equipe da empresa foi enviada ao local. Enquanto isso, quem est\u00e1 em Home Office enfrenta problemas para conseguir trabalhar. <\/p>\n\n\n\n<p>Ap\u00f3s 15 horas sem luz, os produtos de geladeira j\u00e1 n\u00e3o est\u00e3o mais resfriados e correm o risco de estragar. &#8220;Estamos em um momento que toda economia \u00e9 essencial. Imagina estragar um monte de alimentos porque n\u00e3o religam a luz? N\u00f3s e os vizinhos j\u00e1 informamos o problema para a Enel, mas nada foi feito&#8221;, disse uma moradora que preferiu n\u00e3o se identificar. <\/p>\n\n\n\n<p>Fotos: redes sociais <\/p>\n\n\n\n<p><\/p>\n","protected":false},"excerpt":{"rendered":"<p>Na noite desta ter\u00e7a-feira (31), um forte temporal, por volta das 21h30, atingiu diversas regi\u00f5es<\/p>\n","protected":false},"author":2,"featured_media":12108,"comment_status":"open","ping_status":"open","sticky":false,"template":"","format":"standard","meta":{"footnotes":""},"categories":[12],"tags":[],"class_list":["post-12107","post","type-post","status-publish","format-standard","has-post-thumbnail","hentry","category-cidade"],"_links":{"self":[{"href":"https:\/\/tvc16.com\/portal\/wp-json\/wp\/v2\/posts\/12107","targetHints":{"allow":["GET"]}}],"collection":[{"href":"https:\/\/tvc16.com\/portal\/wp-json\/wp\/v2\/posts"}],"about":[{"href":"https:\/\/tvc16.com\/portal\/wp-json\/wp\/v2\/types\/post"}],"author":[{"embeddable":true,"href":"https:\/\/tvc16.com\/portal\/wp-json\/wp\/v2\/users\/2"}],"replies":[{"embeddable":true,"href":"https:\/\/tvc16.com\/portal\/wp-json\/wp\/v2\/comments?post=12107"}],"version-history":[{"count":1,"href":"https:\/\/tvc16.com\/portal\/wp-json\/wp\/v2\/posts\/12107\/revisions"}],"predecessor-version":[{"id":12111,"href":"https:\/\/tvc16.com\/portal\/wp-json\/wp\/v2\/posts\/12107\/revisions\/12111"}],"wp:featuredmedia":[{"embeddable":true,"href":"https:\/\/tvc16.com\/portal\/wp-json\/wp\/v2\/media\/12108"}],"wp:attachment":[{"href":"https:\/\/tvc16.com\/portal\/wp-json\/wp\/v2\/media?parent=12107"}],"wp:term":[{"taxonomy":"category","embeddable":true,"href":"https:\/\/tvc16.com\/portal\/wp-json\/wp\/v2\/categories?post=12107"},{"taxonomy":"post_tag","embeddable":true,"href":"https:\/\/tvc16.com\/portal\/wp-json\/wp\/v2\/tags?post=12107"}],"curies":[{"name":"wp","href":"https:\/\/api.w.org\/{rel}","templated":true}]}}