{"id":12116,"date":"2021-03-31T13:27:31","date_gmt":"2021-03-31T16:27:31","guid":{"rendered":"https:\/\/tvc16.com\/portal\/?p=12116"},"modified":"2021-03-31T13:27:33","modified_gmt":"2021-03-31T16:27:33","slug":"petropolis-vacinou-ate-agora-88-da-populacao-contra-a-covid-19","status":"publish","type":"post","link":"https:\/\/tvc16.com\/portal\/2021\/03\/31\/petropolis-vacinou-ate-agora-88-da-populacao-contra-a-covid-19\/","title":{"rendered":"Petr\u00f3polis vacinou at\u00e9 agora 8,8% da popula\u00e7\u00e3o contra a covid-19"},"content":{"rendered":"\n<p>Secretaria de Sa\u00fade vai realinhar a\u00e7\u00f5es para seguir calend\u00e1rio \u00fanico de vacina\u00e7\u00e3o do estado, com a chegada de mais vacinas<\/p>\n\n\n\n<p>A Secretaria Municipal de Sa\u00fade far\u00e1 nesta quarta-feira (31) uma reuni\u00e3o para detalhar o novo&nbsp; decreto estadual que cria o calend\u00e1rio \u00fanico de vacina\u00e7\u00e3o contra a covid-19 e discutir a reorganiza\u00e7\u00e3o do trabalho das equipes, no momento do recebimento de doses em quantidade suficiente para atender os p\u00fablicos especificados. O munic\u00edpio seguir\u00e1 as orienta\u00e7\u00f5es estaduais, que valem para todo os munic\u00edpios fluminenses, fazendo o realinhamento das a\u00e7\u00f5es para garantir que o trabalho continue sendo realizado de maneira organizada e sem risco de interrup\u00e7\u00e3o por falta de doses.<\/p>\n\n\n\n<p>Neste momento as equipes seguir\u00e3o vacinando idosos com mais de 70 anos, profissionais de sa\u00fade e acamados, conforme planejamento municipal, seguindo as diretrizes do Minist\u00e9rio da Sa\u00fade. Novas etapas ser\u00e3o anunciadas conforme a chegada de novas doses.<\/p>\n\n\n\n<p>O prefeito interino Hingo Hammes e o secret\u00e1rio municipal de Sa\u00fade, Aloisio Barbosa da Silva Filho, j\u00e1 est\u00e3o em contato com representantes do governo estadual para checar a previs\u00e3o de entrega de novas doses da vacina, que ser\u00e3o necess\u00e1rias para o cumprimento do cronograma previsto pelo estado.<\/p>\n\n\n\n<p>\u201c\u00c9 importante que o Minist\u00e9rio de Sa\u00fade forne\u00e7a quantidade maior de vacinas, com regularidade, para que todos munic\u00edpios possam seguir o cronograma sem interrup\u00e7\u00e3o. Quanto mais ampliamos a faixa et\u00e1ria, maior \u00e9 o p\u00fablico. Para convocar as pessoas para que tomem a vacina, precisamos ter as doses no munic\u00edpio\u201d, frisou o secret\u00e1rio.<\/p>\n\n\n\n<p>At\u00e9 agora mais de 27 mil pessoas foram vacinadas contra a covid-19 em Petr\u00f3polis. O n\u00famero representa 8,8% da popula\u00e7\u00e3o. A m\u00e9dia \u00e9 maior do que a registrada no estado, de 6,3% da popula\u00e7\u00e3o.<\/p>\n","protected":false},"excerpt":{"rendered":"<p>Secretaria de Sa\u00fade vai realinhar a\u00e7\u00f5es para seguir calend\u00e1rio \u00fanico de vacina\u00e7\u00e3o do estado, com<\/p>\n","protected":false},"author":2,"featured_media":11882,"comment_status":"open","ping_status":"open","sticky":false,"template":"","format":"standard","meta":{"footnotes":""},"categories":[12],"tags":[],"class_list":["post-12116","post","type-post","status-publish","format-standard","has-post-thumbnail","hentry","category-cidade"],"_links":{"self":[{"href":"https:\/\/tvc16.com\/portal\/wp-json\/wp\/v2\/posts\/12116","targetHints":{"allow":["GET"]}}],"collection":[{"href":"https:\/\/tvc16.com\/portal\/wp-json\/wp\/v2\/posts"}],"about":[{"href":"https:\/\/tvc16.com\/portal\/wp-json\/wp\/v2\/types\/post"}],"author":[{"embeddable":true,"href":"https:\/\/tvc16.com\/portal\/wp-json\/wp\/v2\/users\/2"}],"replies":[{"embeddable":true,"href":"https:\/\/tvc16.com\/portal\/wp-json\/wp\/v2\/comments?post=12116"}],"version-history":[{"count":1,"href":"https:\/\/tvc16.com\/portal\/wp-json\/wp\/v2\/posts\/12116\/revisions"}],"predecessor-version":[{"id":12117,"href":"https:\/\/tvc16.com\/portal\/wp-json\/wp\/v2\/posts\/12116\/revisions\/12117"}],"wp:featuredmedia":[{"embeddable":true,"href":"https:\/\/tvc16.com\/portal\/wp-json\/wp\/v2\/media\/11882"}],"wp:attachment":[{"href":"https:\/\/tvc16.com\/portal\/wp-json\/wp\/v2\/media?parent=12116"}],"wp:term":[{"taxonomy":"category","embeddable":true,"href":"https:\/\/tvc16.com\/portal\/wp-json\/wp\/v2\/categories?post=12116"},{"taxonomy":"post_tag","embeddable":true,"href":"https:\/\/tvc16.com\/portal\/wp-json\/wp\/v2\/tags?post=12116"}],"curies":[{"name":"wp","href":"https:\/\/api.w.org\/{rel}","templated":true}]}}