{"id":12121,"date":"2021-03-31T13:51:48","date_gmt":"2021-03-31T16:51:48","guid":{"rendered":"https:\/\/tvc16.com\/portal\/?p=12121"},"modified":"2021-03-31T13:51:51","modified_gmt":"2021-03-31T16:51:51","slug":"feira-do-pescado-comecou-nesta-quarta-respeitando-os-protocolos-de-prevencao-a-covid-19","status":"publish","type":"post","link":"https:\/\/tvc16.com\/portal\/2021\/03\/31\/feira-do-pescado-comecou-nesta-quarta-respeitando-os-protocolos-de-prevencao-a-covid-19\/","title":{"rendered":"Feira do Pescado come\u00e7ou nesta quarta respeitando os protocolos de preven\u00e7\u00e3o \u00e0 Covid-19"},"content":{"rendered":"\n<p>Quem est\u00e1 \u00e0 procura de peixes frescos para o almo\u00e7o da Semana Santa j\u00e1 pode conferir os produtos da tradicional Feira do Pescado, na Rua Visconde de Souza Franco. As vendas come\u00e7aram hoje (31.03) \u00e0s 12h e seguem at\u00e9 \u00e0s 22h. Na quinta-feira (01.04) as vendas ser\u00e3o feitas durante todo o dia, das 8h \u00e0s 22h e seguem na sexta-feira (02.04) at\u00e9 \u00e0s 12h.<\/p>\n\n\n\n<p>A expectativa \u00e9 de que sejam vendidas 15 toneladas de peixes. A via ficar\u00e1 fechada ao tr\u00e2nsito durante os tr\u00eas dias e ser\u00e3o instaladas, por conta das medidas de restri\u00e7\u00e3o, 20 barracas, respeitando as normas de distanciamento. O Departamento de Agricultura vai acompanhar o funcionamento da feira, orientando os feirantes nas medidas de sanitiza\u00e7\u00e3o e prote\u00e7\u00e3o contra o coronav\u00edrus, com uso de m\u00e1scara e \u00e1lcool em gel, al\u00e9m de manterem o distanciamento correto durante esses dias.<\/p>\n\n\n\n<p>\u201cO movimento maior sempre ocorre na quinta-feira. Mas, para quem deixar a escolha dos peixes para a \u00faltima hora, a feira vai funcionar na sexta-feira, at\u00e9 \u00e0s 12h. Vinte feirantes buscam os peixes diretamente no Rio para garantir a qualidade dos produtos\u201d, disse o secret\u00e1rio de Desenvolvimento Econ\u00f4mico, Marcelo Soares.<\/p>\n\n\n\n<p>\u201cApesar do per\u00edodo que estamos vivendo, os feirantes est\u00e3o animados com as vendas\u201d, explicou o diretor do Departamento de Agricultura da Secretaria de Desenvolvimento Econ\u00f4mico, Jos\u00e9 Maur\u00edcio Soares.<\/p>\n\n\n\n<p>A feira ocorre por meio da parceria entre o departamento de Agricultura, da secretaria de Desenvolvimento Econ\u00f4mico, Comdep, que realiza a limpeza do lugar e CPTrans, que organiza o tr\u00e2nsito. Al\u00e9m disso, a Enel realiza a liga\u00e7\u00e3o de energia para as barracas e a Guarda Civil refor\u00e7a a seguran\u00e7a. Todos os feirantes v\u00e3o usar uniformes e a Vigil\u00e2ncia Sanit\u00e1ria vistoria as barracas.<\/p>\n","protected":false},"excerpt":{"rendered":"<p>Quem est\u00e1 \u00e0 procura de peixes frescos para o almo\u00e7o da Semana Santa j\u00e1 pode<\/p>\n","protected":false},"author":2,"featured_media":12122,"comment_status":"open","ping_status":"open","sticky":false,"template":"","format":"standard","meta":{"footnotes":""},"categories":[12],"tags":[],"class_list":["post-12121","post","type-post","status-publish","format-standard","has-post-thumbnail","hentry","category-cidade"],"_links":{"self":[{"href":"https:\/\/tvc16.com\/portal\/wp-json\/wp\/v2\/posts\/12121","targetHints":{"allow":["GET"]}}],"collection":[{"href":"https:\/\/tvc16.com\/portal\/wp-json\/wp\/v2\/posts"}],"about":[{"href":"https:\/\/tvc16.com\/portal\/wp-json\/wp\/v2\/types\/post"}],"author":[{"embeddable":true,"href":"https:\/\/tvc16.com\/portal\/wp-json\/wp\/v2\/users\/2"}],"replies":[{"embeddable":true,"href":"https:\/\/tvc16.com\/portal\/wp-json\/wp\/v2\/comments?post=12121"}],"version-history":[{"count":1,"href":"https:\/\/tvc16.com\/portal\/wp-json\/wp\/v2\/posts\/12121\/revisions"}],"predecessor-version":[{"id":12123,"href":"https:\/\/tvc16.com\/portal\/wp-json\/wp\/v2\/posts\/12121\/revisions\/12123"}],"wp:featuredmedia":[{"embeddable":true,"href":"https:\/\/tvc16.com\/portal\/wp-json\/wp\/v2\/media\/12122"}],"wp:attachment":[{"href":"https:\/\/tvc16.com\/portal\/wp-json\/wp\/v2\/media?parent=12121"}],"wp:term":[{"taxonomy":"category","embeddable":true,"href":"https:\/\/tvc16.com\/portal\/wp-json\/wp\/v2\/categories?post=12121"},{"taxonomy":"post_tag","embeddable":true,"href":"https:\/\/tvc16.com\/portal\/wp-json\/wp\/v2\/tags?post=12121"}],"curies":[{"name":"wp","href":"https:\/\/api.w.org\/{rel}","templated":true}]}}