{"id":12130,"date":"2021-03-31T13:59:33","date_gmt":"2021-03-31T16:59:33","guid":{"rendered":"https:\/\/tvc16.com\/portal\/?p=12130"},"modified":"2021-03-31T13:59:35","modified_gmt":"2021-03-31T16:59:35","slug":"camara-aprova-prorrogacao-de-prazo-para-declaracao-do-imposto-de-renda","status":"publish","type":"post","link":"https:\/\/tvc16.com\/portal\/2021\/03\/31\/camara-aprova-prorrogacao-de-prazo-para-declaracao-do-imposto-de-renda\/","title":{"rendered":"C\u00e2mara aprova prorroga\u00e7\u00e3o de prazo para declara\u00e7\u00e3o do Imposto de Renda"},"content":{"rendered":"\n<h3 class=\"wp-block-heading\">Projeto de lei segue agora para o Senado<\/h3>\n\n\n\n<h4 class=\"wp-block-heading\">Por Luciano Nascimento \u2013 Rep\u00f3rter da Ag\u00eancia Brasil &#8211; Bras\u00edlia<\/h4>\n\n\n\n<p>A C\u00e2mara dos Deputados aprovou hoje (31) a prorroga\u00e7\u00e3o do prazo para a entrega da declara\u00e7\u00e3o do Imposto de Renda de 2021. O Projeto de Lei (PL) 639\/21 prev\u00ea que a entrega deva ocorrer at\u00e9 o dia 31 de julho deste ano. O prazo atual, divulgado pela Receita Federal, vai at\u00e9 30 de abril. A proposta segue agora para an\u00e1lise do Senado.<img decoding=\"async\" src=\"https:\/\/agenciabrasil.ebc.com.br\/ebc.png?id=1405506&amp;o=node\"><img decoding=\"async\" src=\"https:\/\/agenciabrasil.ebc.com.br\/ebc.gif?id=1405506&amp;o=node\"><\/p>\n\n\n\n<p>De acordo com o texto aprovado, um substitutivo do relator, deputado Marcos Aur\u00e9lio Sampaio (MDB-PI), o cronograma de restitui\u00e7\u00f5es n\u00e3o mudar\u00e1, com o primeiro lote sendo pago em 31 de maio. O texto autoriza ainda o pagamento da cota \u00fanica ou das cotas vencidas at\u00e9 31 de julho sem acr\u00e9scimo de juros ou penalidade de qualquer natureza.<\/p>\n\n\n\n<p>No ano passado, tamb\u00e9m houve a prorroga\u00e7\u00e3o do prazo para a entrega da declara\u00e7\u00e3o. A mudan\u00e7a, contudo, foi feita por meio de instru\u00e7\u00e3o normativa da Receita Federal, que passou o prazo final para 30 de junho. O cronograma de restitui\u00e7\u00e3o permaneceu o mesmo, fazendo com que o primeiro lote fosse liberado em 29 de maio, antes do prazo final de entrega.<\/p>\n\n\n\n<p>Edi\u00e7\u00e3o: L\u00edlian Beraldo<\/p>\n","protected":false},"excerpt":{"rendered":"<p>Projeto de lei segue agora para o Senado Por Luciano Nascimento \u2013 Rep\u00f3rter da Ag\u00eancia<\/p>\n","protected":false},"author":2,"featured_media":0,"comment_status":"open","ping_status":"open","sticky":false,"template":"","format":"standard","meta":{"footnotes":""},"categories":[17],"tags":[],"class_list":["post-12130","post","type-post","status-publish","format-standard","hentry","category-outras-noticias"],"_links":{"self":[{"href":"https:\/\/tvc16.com\/portal\/wp-json\/wp\/v2\/posts\/12130","targetHints":{"allow":["GET"]}}],"collection":[{"href":"https:\/\/tvc16.com\/portal\/wp-json\/wp\/v2\/posts"}],"about":[{"href":"https:\/\/tvc16.com\/portal\/wp-json\/wp\/v2\/types\/post"}],"author":[{"embeddable":true,"href":"https:\/\/tvc16.com\/portal\/wp-json\/wp\/v2\/users\/2"}],"replies":[{"embeddable":true,"href":"https:\/\/tvc16.com\/portal\/wp-json\/wp\/v2\/comments?post=12130"}],"version-history":[{"count":1,"href":"https:\/\/tvc16.com\/portal\/wp-json\/wp\/v2\/posts\/12130\/revisions"}],"predecessor-version":[{"id":12132,"href":"https:\/\/tvc16.com\/portal\/wp-json\/wp\/v2\/posts\/12130\/revisions\/12132"}],"wp:attachment":[{"href":"https:\/\/tvc16.com\/portal\/wp-json\/wp\/v2\/media?parent=12130"}],"wp:term":[{"taxonomy":"category","embeddable":true,"href":"https:\/\/tvc16.com\/portal\/wp-json\/wp\/v2\/categories?post=12130"},{"taxonomy":"post_tag","embeddable":true,"href":"https:\/\/tvc16.com\/portal\/wp-json\/wp\/v2\/tags?post=12130"}],"curies":[{"name":"wp","href":"https:\/\/api.w.org\/{rel}","templated":true}]}}