{"id":12136,"date":"2021-03-31T14:01:21","date_gmt":"2021-03-31T17:01:21","guid":{"rendered":"https:\/\/tvc16.com\/portal\/?p=12136"},"modified":"2021-03-31T14:01:23","modified_gmt":"2021-03-31T17:01:23","slug":"mec-tera-plataforma-para-ajudar-planejamento-da-volta-as-aulas","status":"publish","type":"post","link":"https:\/\/tvc16.com\/portal\/2021\/03\/31\/mec-tera-plataforma-para-ajudar-planejamento-da-volta-as-aulas\/","title":{"rendered":"MEC ter\u00e1 plataforma para ajudar planejamento da volta \u00e0s aulas"},"content":{"rendered":"\n<h3 class=\"wp-block-heading\">Painel vai monitorar rein\u00edcio das atividades no ensino b\u00e1sico<\/h3>\n\n\n\n<h4 class=\"wp-block-heading\">Por Luciano Nascimento &#8211; Rep\u00f3rter da Ag\u00eancia Brasil &#8211; Bras\u00edlia<\/h4>\n\n\n\n<p>O ministro da Educa\u00e7\u00e3o, Milton Ribeiro, disse hoje (31), em Bras\u00edlia, que o governo lan\u00e7ar\u00e1, em abril, um painel para monitoramento do retorno \u00e0s aulas no ensino b\u00e1sico. O painel visa ajudar os gestores no planejamento do calend\u00e1rio escolar e trar\u00e1 informa\u00e7\u00f5es sobre a suspens\u00e3o e retorno \u00e0s aulas e tamb\u00e9m sobre as condi\u00e7\u00f5es sanit\u00e1rias nas regi\u00f5es em que se localizam as unidades de ensino.<img decoding=\"async\" src=\"https:\/\/agenciabrasil.ebc.com.br\/ebc.png?id=1405510&amp;o=node\"><img decoding=\"async\" src=\"https:\/\/agenciabrasil.ebc.com.br\/ebc.gif?id=1405510&amp;o=node\"><\/p>\n\n\n\n<p>O ministro, que participou de uma audi\u00eancia na Comiss\u00e3o de Educa\u00e7\u00e3o da C\u00e2mara dos Deputados, disse que, entre os problemas que dever\u00e3o ser enfrentados, est\u00e3o comprometimento do calend\u00e1rio escolar em raz\u00e3o da pandemia, retrocessos do processo educacional e da aprendizagem, aumento da evas\u00e3o escolar e danos sociais para estudantes e fam\u00edlias de baixa renda. A estrat\u00e9gia passa pela ado\u00e7\u00e3o do ensino h\u00edbrido, com aulas presenciais e remotas, afirmou.<\/p>\n\n\n\n<p>\u201cO retorno presencial \u00e9 alguma coisa important\u00edssima, mas n\u00e3o a qualquer pre\u00e7o. O Brasil \u00e9 um pa\u00eds continental e, por isso, algumas regi\u00f5es podem ser mais flex\u00edveis [no retorno] do que outras. Mas tudo isso a crit\u00e9rio dos gestores locais\u201d, disse.<\/p>\n\n\n\n<p>O ministro da Educa\u00e7\u00e3o afirmou, ainda, que a pandemia trouxe a necessidade da ado\u00e7\u00e3o de aulas a dist\u00e2ncia, mas evidenciou tamb\u00e9m a falta de estrutura tecnol\u00f3gica na maioria das escolas. Ele disse ainda que o MEC trabalha para levar equipamentos eletr\u00f4nicos e acesso \u00e0<em>&nbsp;internet<\/em>&nbsp;para as escolas, professores e alunos.<\/p>\n\n\n\n<p>\u201cO MEC, no seu planejamento, busca dar as condi\u00e7\u00f5es para que essas escolas possam ter essa conex\u00e3o, propiciando aos alunos o acesso \u00e0&nbsp;<em>internet<\/em>. Mas, \u00e9 claro que algumas dessas escolas apresentam problemas mais severos. H\u00e1 escolas nas zonas rurais que n\u00e3o t\u00eam saneamento b\u00e1sico; algumas nem teto e [resolver] isso \u00e9 prioridade para o minist\u00e9rio\u201d, garantiu.<\/p>\n\n\n\n<h2 class=\"wp-block-heading\">Recursos<\/h2>\n\n\n\n<p>Para solucionar os problemas de conectividade, o MEC quer que sejam usados recursos do Fundo de Universaliza\u00e7\u00e3o dos Servi\u00e7os de Telecomunica\u00e7\u00f5es (Fust). \u201cO investimento deve ser feito em pol\u00edticas elaboradas a partir de diagn\u00f3sticos bem constru\u00eddos, prevendo mecanismos claros de monitoramento, transpar\u00eancia e presta\u00e7\u00e3o de contas\u201d, disse.<\/p>\n\n\n\n<p>Questionado por parlamentares sobre o<a href=\"http:\/\/agenciabrasil.ebc.com.br\/politica\/noticia\/2021-03\/governo-veta-lei-que-da-estudantes-acesso-gratuito-internet\" target=\"_blank\" rel=\"noreferrer noopener\">&nbsp;veto integral<\/a>&nbsp;do presidente Jair Bolsonaro ao Projeto de Lei (PL) 3.477\/20, que destinava recursos para assegurar a internet gr\u00e1tis a alunos e professores da educa\u00e7\u00e3o b\u00e1sica durante a pandemia, o ministro defendeu a decis\u00e3o. Ele argumentou que o projeto n\u00e3o tinha clareza, nem um diagn\u00f3stico preciso de onde os recursos seriam aplicados.<\/p>\n\n\n\n<p>&#8220;Este projeto n\u00e3o traz, no meu entendimento, clareza suficiente nem diagn\u00f3stico adequado a respeito dos gastos efetivos. Em outras palavras, despejar dinheiro na conta n\u00e3o \u00e9 pol\u00edtica p\u00fablica&#8221;, opinou.&nbsp;<\/p>\n\n\n\n<p>\u201cEstou mais empenhado em trazer uma vis\u00e3o mais t\u00e9cnica e mais l\u00f3gica na implanta\u00e7\u00e3o do recurso p\u00fablico que seria empenhado para essa pol\u00edtica p\u00fablica\u201d, acrescentou.<\/p>\n\n\n\n<p>O texto, aprovado em fevereiro pelo Congresso, previa que o governo federal destinasse recursos para estados e munic\u00edpios aplicarem em a\u00e7\u00f5es que garantam internet gratuita com fins educacionais a alunos e professores da rede p\u00fablica de educa\u00e7\u00e3o, em raz\u00e3o da ado\u00e7\u00e3o do ensino remoto durante a pandemia.<\/p>\n\n\n\n<p>O projeto tamb\u00e9m previa a aquisi\u00e7\u00e3o de tablets para todos os estudantes do ensino m\u00e9dio da rede p\u00fablica vinculados ao Cadastro \u00danico para Programas Sociais do Governo Federal (Cad\u00danico), tomando como refer\u00eancia o pre\u00e7o de R$ 520 por equipamento.<\/p>\n\n\n\n<p>O ministro foi criticado pelo deputado Felipe Rigoni (PSB-ES), um dos autores da proposta. O parlamentar disse que a proposta previa mecanismos de transpar\u00eancia e avalia\u00e7\u00e3o na utiliza\u00e7\u00e3o dos recursos.<\/p>\n\n\n\n<p>\u201cO PL [projeto de lei] fala, sim, de transpar\u00eancia e toda pol\u00edtica p\u00fablica \u00e9 submetida a mecanismos de transpar\u00eancia. N\u00e3o sei se o senhor se lembra, mas mecanismo de transpar\u00eancia \u00e9 papel da regulamenta\u00e7\u00e3o que \u00e9 da sua responsabilidade\u201d, disse.<\/p>\n\n\n\n<p>A estimativa do impacto or\u00e7ament\u00e1rio e financeiro da proposta era de R$ 26,6 bilh\u00f5es. Os custos seriam cobertos com recursos do Fust, doa\u00e7\u00f5es e outras verbas previstas na lei or\u00e7ament\u00e1ria.<\/p>\n\n\n\n<p>Edi\u00e7\u00e3o: Kleber Sampaio<\/p>\n","protected":false},"excerpt":{"rendered":"<p>Painel vai monitorar rein\u00edcio das atividades no ensino b\u00e1sico Por Luciano Nascimento &#8211; Rep\u00f3rter da<\/p>\n","protected":false},"author":2,"featured_media":0,"comment_status":"open","ping_status":"open","sticky":false,"template":"","format":"standard","meta":{"footnotes":""},"categories":[17],"tags":[],"class_list":["post-12136","post","type-post","status-publish","format-standard","hentry","category-outras-noticias"],"_links":{"self":[{"href":"https:\/\/tvc16.com\/portal\/wp-json\/wp\/v2\/posts\/12136","targetHints":{"allow":["GET"]}}],"collection":[{"href":"https:\/\/tvc16.com\/portal\/wp-json\/wp\/v2\/posts"}],"about":[{"href":"https:\/\/tvc16.com\/portal\/wp-json\/wp\/v2\/types\/post"}],"author":[{"embeddable":true,"href":"https:\/\/tvc16.com\/portal\/wp-json\/wp\/v2\/users\/2"}],"replies":[{"embeddable":true,"href":"https:\/\/tvc16.com\/portal\/wp-json\/wp\/v2\/comments?post=12136"}],"version-history":[{"count":1,"href":"https:\/\/tvc16.com\/portal\/wp-json\/wp\/v2\/posts\/12136\/revisions"}],"predecessor-version":[{"id":12138,"href":"https:\/\/tvc16.com\/portal\/wp-json\/wp\/v2\/posts\/12136\/revisions\/12138"}],"wp:attachment":[{"href":"https:\/\/tvc16.com\/portal\/wp-json\/wp\/v2\/media?parent=12136"}],"wp:term":[{"taxonomy":"category","embeddable":true,"href":"https:\/\/tvc16.com\/portal\/wp-json\/wp\/v2\/categories?post=12136"},{"taxonomy":"post_tag","embeddable":true,"href":"https:\/\/tvc16.com\/portal\/wp-json\/wp\/v2\/tags?post=12136"}],"curies":[{"name":"wp","href":"https:\/\/api.w.org\/{rel}","templated":true}]}}