{"id":12142,"date":"2021-03-31T14:03:12","date_gmt":"2021-03-31T17:03:12","guid":{"rendered":"https:\/\/tvc16.com\/portal\/?p=12142"},"modified":"2021-03-31T14:03:14","modified_gmt":"2021-03-31T17:03:14","slug":"vacina-pfizer-biontech-e-100-eficaz-em-adolescentes-de-12-a-15-anos","status":"publish","type":"post","link":"https:\/\/tvc16.com\/portal\/2021\/03\/31\/vacina-pfizer-biontech-e-100-eficaz-em-adolescentes-de-12-a-15-anos\/","title":{"rendered":"Vacina Pfizer\/BioNTech \u00e9 100% eficaz em adolescentes de 12 a 15 anos"},"content":{"rendered":"\n<h3 class=\"wp-block-heading\">\u00c9 o que mostram ensaios cl\u00ednicos feitos pelos dois laborat\u00f3rios<\/h3>\n\n\n\n<h4 class=\"wp-block-heading\">Por RTP &#8211; Washington<\/h4>\n\n\n\n<p>A vacina da Pfizer\/BioNTech contra a covid-19 \u00e9 100% eficaz em adolescentes entre os 12 e os 15 anos, segundo os resultados de um ensaio cl\u00ednico, anunciaram hoje (31) os dois laborat\u00f3rios.<img decoding=\"async\" src=\"https:\/\/agenciabrasil.ebc.com.br\/ebc.png?id=1405493&amp;o=node\"><img decoding=\"async\" src=\"https:\/\/agenciabrasil.ebc.com.br\/ebc.gif?id=1405493&amp;o=node\"><\/p>\n\n\n\n<p>As empresas esperam que a vacina\u00e7\u00e3o dessa faixa et\u00e1ria comece antes do pr\u00f3ximo ano letivo.<\/p>\n\n\n\n<p>Os ensaios de Fase 3 realizados em 2.260 adolescentes nos Estados Unidos &#8220;demonstraram uma efic\u00e1cia de 100% e respostas robustas de anticorpos&#8221;, declararam as empresas em comunicado.<\/p>\n\n\n\n<p>A norte-americana Pfizer e a alem\u00e3 BioNTech v\u00e3o agora submeter os dados \u00e0s diferentes autoridades de regula\u00e7\u00e3o no mundo, &#8220;na esperan\u00e7a de come\u00e7ar a vacinar esse grupo et\u00e1rio no in\u00edcio do pr\u00f3ximo ano escolar&#8221;, declarou em comunicado Albert Bourla, diretor-geral do laborat\u00f3rio&nbsp;farmac\u00eautico norte-americano.<\/p>\n\n\n\n<p>Por parte do laborat\u00f3rio alem\u00e3o, Ugur Sahin&nbsp;considerou que os resultados sobre a faixa dos 12 a 15 anos s\u00e3o &#8220;muito encorajadores, tendo em conta a tend\u00eancia observada nas \u00faltimas semanas relativamente \u00e0 propaga\u00e7\u00e3o&#8221;&nbsp;da variante do v\u00edrus inicialmente detectada no Reino Unido.<\/p>\n\n\n\n<p>A vacina da Pfizer\/BioNTech, baseada na tecnologia inovadora de RNA mensageiro (mRNA), foi a primeira contra a covid-19 aprovada no ocidente, no final de 2020.<\/p>\n\n\n\n<p>Os Estados Unidos e a Uni\u00e3o Europeia autorizaram a utiliza\u00e7\u00e3o para as pessoas com 16&nbsp;anos ou mais.<\/p>\n\n\n\n<p>At\u00e9 agora, a vacina foi usada em milh\u00f5es de adultos com mais de 65 anos.<\/p>\n\n\n\n<p>Estudo realizado em 1,2 milh\u00f5es de pessoas em Israel demonstrou efic\u00e1cia de 94%.<\/p>\n\n\n\n<p>As crian\u00e7as s\u00e3o menos propensas a casos graves da doen\u00e7a, por isso a vacina\u00e7\u00e3o n\u00e3o \u00e9 priorit\u00e1ria neste momento.<\/p>\n","protected":false},"excerpt":{"rendered":"<p>\u00c9 o que mostram ensaios cl\u00ednicos feitos pelos dois laborat\u00f3rios Por RTP &#8211; Washington A<\/p>\n","protected":false},"author":2,"featured_media":0,"comment_status":"open","ping_status":"open","sticky":false,"template":"","format":"standard","meta":{"footnotes":""},"categories":[17],"tags":[],"class_list":["post-12142","post","type-post","status-publish","format-standard","hentry","category-outras-noticias"],"_links":{"self":[{"href":"https:\/\/tvc16.com\/portal\/wp-json\/wp\/v2\/posts\/12142","targetHints":{"allow":["GET"]}}],"collection":[{"href":"https:\/\/tvc16.com\/portal\/wp-json\/wp\/v2\/posts"}],"about":[{"href":"https:\/\/tvc16.com\/portal\/wp-json\/wp\/v2\/types\/post"}],"author":[{"embeddable":true,"href":"https:\/\/tvc16.com\/portal\/wp-json\/wp\/v2\/users\/2"}],"replies":[{"embeddable":true,"href":"https:\/\/tvc16.com\/portal\/wp-json\/wp\/v2\/comments?post=12142"}],"version-history":[{"count":1,"href":"https:\/\/tvc16.com\/portal\/wp-json\/wp\/v2\/posts\/12142\/revisions"}],"predecessor-version":[{"id":12144,"href":"https:\/\/tvc16.com\/portal\/wp-json\/wp\/v2\/posts\/12142\/revisions\/12144"}],"wp:attachment":[{"href":"https:\/\/tvc16.com\/portal\/wp-json\/wp\/v2\/media?parent=12142"}],"wp:term":[{"taxonomy":"category","embeddable":true,"href":"https:\/\/tvc16.com\/portal\/wp-json\/wp\/v2\/categories?post=12142"},{"taxonomy":"post_tag","embeddable":true,"href":"https:\/\/tvc16.com\/portal\/wp-json\/wp\/v2\/tags?post=12142"}],"curies":[{"name":"wp","href":"https:\/\/api.w.org\/{rel}","templated":true}]}}