{"id":1215,"date":"2020-09-25T11:37:18","date_gmt":"2020-09-25T11:37:18","guid":{"rendered":"https:\/\/tvc16.com\/portal\/?p=1215"},"modified":"2020-09-25T11:37:18","modified_gmt":"2020-09-25T11:37:18","slug":"eleicoes-2020-terao-modificacoes-tecnologicas-na-infraestrutura-de-totalizacao-dos-resultados-afirma-secretario-de-tecnologia-da-informacao-do-tse","status":"publish","type":"post","link":"https:\/\/tvc16.com\/portal\/2020\/09\/25\/eleicoes-2020-terao-modificacoes-tecnologicas-na-infraestrutura-de-totalizacao-dos-resultados-afirma-secretario-de-tecnologia-da-informacao-do-tse\/","title":{"rendered":"Elei\u00e7\u00f5es 2020 ter\u00e3o modifica\u00e7\u00f5es tecnol\u00f3gicas na infraestrutura de totaliza\u00e7\u00e3o dos resultados\u201d, afirma secret\u00e1rio de Tecnologia da Informa\u00e7\u00e3o do TSE"},"content":{"rendered":"\n<p>As elei\u00e7\u00f5es de 2020 se aproximam e v\u00e3o ocorrer em um contexto diferente de qualquer outro pleito. Al\u00e9m da propaga\u00e7\u00e3o de not\u00edcias falsas, fato que j\u00e1 foi observado nas elei\u00e7\u00f5es presidenciais de 2018, h\u00e1 tamb\u00e9m a preocupa\u00e7\u00e3o quanto \u00e0 contamina\u00e7\u00e3o pelo coronav\u00edrus por eleitores e mes\u00e1rios. Neste ano, h\u00e1 tamb\u00e9m uma novidade na infraestrutura de totaliza\u00e7\u00e3o dos resultados.\u00a0<\/p>\n\n\n\n<p>Em entrevista exclusiva ao portal Brasil61.com, o secret\u00e1rio de Tecnologia da Informa\u00e7\u00e3o do Tribunal Superior Eleitoral (TSE), Giuseppe Janino, explicou como a Justi\u00e7a Eleitoral se prepara para os desafios a serem superados nas elei\u00e7\u00f5es deste ano. Em 2020, h\u00e1 uma novidade tecnol\u00f3gica. Os dados do pleito n\u00e3o ser\u00e3o mais transmitidos para os data centers dos Tribunais Regionais Eleitorais (TREs), e sim diretamente para o banco de dados do TSE. Na avalia\u00e7\u00e3o de Janino, essa \u00e9 uma mudan\u00e7a significativa no processo eleitoral.<\/p>\n\n\n\n<p>\u201cConstru\u00edmos uma nuvem computacional no data center do TSE. Ali, n\u00f3s faremos a totaliza\u00e7\u00e3o das 5.568 (munic\u00edpios) elei\u00e7\u00f5es. Al\u00e9m disso, todos os sistemas mais abrangentes, como o registro de candidatura, processo judicial eletr\u00f4nico, tamb\u00e9m estar\u00e3o dentro dessa nuvem computacional. A grande vantagem \u00e9 que n\u00f3s teremos condi\u00e7\u00f5es de fazer o que chamamos de elasticidade, aumentar o potencial na medida em que houver necessidade. Al\u00e9m de v\u00e1rios outros atributos em termos de seguran\u00e7a, garantia de disponibilidade dentro desse cen\u00e1rio\u201d, explica.&nbsp;<\/p>\n\n\n\n<p>O secret\u00e1rio tamb\u00e9m explicou como o TSE planeja as a\u00e7\u00f5es de preven\u00e7\u00e3o ao coronav\u00edrus nas se\u00e7\u00f5es eleitorais. Na avalia\u00e7\u00e3o de Janino, o adiamento das elei\u00e7\u00f5es de outubro para novembro \u2013 as datas s\u00e3o 15 e 29 de novembro \u2013 e a amplia\u00e7\u00e3o do hor\u00e1rio de vota\u00e7\u00e3o foram medidas importantes e com impactos significativos. No pen\u00faltimo m\u00eas do ano, segundo o secret\u00e1rio, h\u00e1 a expectativa de que a pandemia esteja em n\u00fameros decrescentes. Janino explica ainda que ser\u00e3o adotadas medidas de sinaliza\u00e7\u00e3o de distanciamento e higieniza\u00e7\u00e3o das se\u00e7\u00f5es eleitorais.&nbsp;<\/p>\n\n\n\n<p>\u201cA amplia\u00e7\u00e3o do hor\u00e1rio \u00e9 justamente para evitar o ac\u00famulo de pessoas nas se\u00e7\u00f5es eleitorais, em filas e tamb\u00e9m haver\u00e1 a sinaliza\u00e7\u00e3o para o distanciamento. Seguiremos com a higieniza\u00e7\u00e3o do eleitor antes da vota\u00e7\u00e3o e posteriormente \u00e0 vota\u00e7\u00e3o, usando \u00e1lcool em gel. Os mes\u00e1rios ter\u00e3o os EPIs, m\u00e1scaras, face shields. Facultar\u00e1 a entrega do recibo de vota\u00e7\u00e3o, ou seja, s\u00f3 ser\u00e1 entregue para aqueles que t\u00eam o interesse em receber. A recomenda\u00e7\u00e3o \u00e9 de que o eleitor leve a sua pr\u00f3pria caneta\u201d, diz.&nbsp;<\/p>\n\n\n\n<p>Em rela\u00e7\u00e3o \u00e0s not\u00edcias falsas, Giuseppe Janino destaca que a estrat\u00e9gia adotada pelo Tribunal Superior Eleitoral \u00e9 ampliar a divulga\u00e7\u00e3o de como funciona o processo eleitoral para n\u00e3o dar espa\u00e7o para informa\u00e7\u00f5es que n\u00e3o sejam verdadeiras. Segundo o secret\u00e1rio, o alvo da desinforma\u00e7\u00e3o \u00e9 o processo eleitoral.<\/p>\n\n\n\n<p>\u201cO processo eleitoral est\u00e1 pautado na tecnologia e isso levanta muitas not\u00edcias falsas a respeito da urna eletr\u00f4nica. Identificando essas not\u00edcias, n\u00f3s analisamos, colocamos o que \u00e9 a realidade e trabalhamos tamb\u00e9m com empresas de fake check (empresas que analisam a veracidade das informa\u00e7\u00f5es). Esse material \u00e9 direcionado para essas empresas, elas verificam e nos devolvem, e n\u00f3s propagamos a informa\u00e7\u00e3o correta com celeridade. Preferencialmente na mesma m\u00eddia em que ela esteja circulando\u201d, pontua.&nbsp;<\/p>\n\n\n\n<p>Janino explicou ainda sobre os testes de seguran\u00e7a das urnas eletr\u00f4nicas. \u201cO teste p\u00fablico de seguran\u00e7a \u00e9 uma iniciativa do TSE. Tivemos na \u00faltima edi\u00e7\u00e3o do teste p\u00fablico 13 planos de ataques submetidos no processo eleitoral, com foco, geralmente, na urna eletr\u00f4nica e nos sistemas que gravitam em torno da urna. Dois desses planos obtiveram sucesso em passar por algumas barreiras de seguran\u00e7a, mas n\u00e3o conseguiram alterar dados e nem programas, tampouco resultados.<\/p>\n\n\n\n<p>Fizemos as a\u00e7\u00f5es corretivas e submetemos a um teste dessas a\u00e7\u00f5es. Tentaram passar pelas barreiras novamente, mas n\u00e3o tiveram \u00eaxito. Isso demonstra que o processo \u00e9 robusto suficiente\u201d, diz.&nbsp;<\/p>\n\n\n\n<p>Em rela\u00e7\u00e3o aos locais de dif\u00edcil acesso, como algumas localidades na regi\u00e3o amaz\u00f4nica, por onde s\u00f3 se chega de barco ou helic\u00f3ptero, o secret\u00e1rio garante que haver\u00e1 urna para vota\u00e7\u00e3o para todos. \u201cS\u00e3o levadas as mesmas urnas que as demais localidades. Isso demostra que a Justi\u00e7a Eleitoral vai at\u00e9 onde o cidad\u00e3o estiver e d\u00e1 a ele condi\u00e7\u00f5es de interagir com o processo democr\u00e1tico. Nossa urna eletr\u00f4nica j\u00e1 foi projetada para resistir a mudan\u00e7as de temperatura, de umidade, de poeira\u201d, destaca.<\/p>\n\n\n\n<p>Neste ano, s\u00e3o mais de 147 milh\u00f5es de eleitores, mais de 400 mil se\u00e7\u00f5es eleitorais e 600 mil candidatos em todo o pa\u00eds. Segundo o tribunal, o n\u00famero de concorrentes \u00e9 recorde em territ\u00f3rio nacional.<br>&nbsp;<br>Fonte: Brasil 61<\/p>\n","protected":false},"excerpt":{"rendered":"<p>As elei\u00e7\u00f5es de 2020 se aproximam e v\u00e3o ocorrer em um contexto diferente de qualquer<\/p>\n","protected":false},"author":2,"featured_media":1216,"comment_status":"open","ping_status":"open","sticky":false,"template":"","format":"standard","meta":{"footnotes":""},"categories":[15],"tags":[],"class_list":["post-1215","post","type-post","status-publish","format-standard","has-post-thumbnail","hentry","category-politica"],"_links":{"self":[{"href":"https:\/\/tvc16.com\/portal\/wp-json\/wp\/v2\/posts\/1215","targetHints":{"allow":["GET"]}}],"collection":[{"href":"https:\/\/tvc16.com\/portal\/wp-json\/wp\/v2\/posts"}],"about":[{"href":"https:\/\/tvc16.com\/portal\/wp-json\/wp\/v2\/types\/post"}],"author":[{"embeddable":true,"href":"https:\/\/tvc16.com\/portal\/wp-json\/wp\/v2\/users\/2"}],"replies":[{"embeddable":true,"href":"https:\/\/tvc16.com\/portal\/wp-json\/wp\/v2\/comments?post=1215"}],"version-history":[{"count":1,"href":"https:\/\/tvc16.com\/portal\/wp-json\/wp\/v2\/posts\/1215\/revisions"}],"predecessor-version":[{"id":1217,"href":"https:\/\/tvc16.com\/portal\/wp-json\/wp\/v2\/posts\/1215\/revisions\/1217"}],"wp:featuredmedia":[{"embeddable":true,"href":"https:\/\/tvc16.com\/portal\/wp-json\/wp\/v2\/media\/1216"}],"wp:attachment":[{"href":"https:\/\/tvc16.com\/portal\/wp-json\/wp\/v2\/media?parent=1215"}],"wp:term":[{"taxonomy":"category","embeddable":true,"href":"https:\/\/tvc16.com\/portal\/wp-json\/wp\/v2\/categories?post=1215"},{"taxonomy":"post_tag","embeddable":true,"href":"https:\/\/tvc16.com\/portal\/wp-json\/wp\/v2\/tags?post=1215"}],"curies":[{"name":"wp","href":"https:\/\/api.w.org\/{rel}","templated":true}]}}