{"id":12151,"date":"2021-03-31T14:05:48","date_gmt":"2021-03-31T17:05:48","guid":{"rendered":"https:\/\/tvc16.com\/portal\/?p=12151"},"modified":"2021-03-31T15:12:38","modified_gmt":"2021-03-31T18:12:38","slug":"pagamento-do-novo-auxilio-emergencial-comeca-na-proxima-terca-feira","status":"publish","type":"post","link":"https:\/\/tvc16.com\/portal\/2021\/03\/31\/pagamento-do-novo-auxilio-emergencial-comeca-na-proxima-terca-feira\/","title":{"rendered":"Pagamento do novo aux\u00edlio emergencial come\u00e7a na pr\u00f3xima ter\u00e7a-feira"},"content":{"rendered":"\n<p>Milh\u00f5es de fam\u00edlias em situa\u00e7\u00e3o de vulnerabilidade social come\u00e7am a receber, na pr\u00f3xima ter\u00e7a-feira (6), a primeira das quatro parcelas do novo aux\u00edlio emergencial. O governo federal prev\u00ea conceder o benef\u00edcio a cerca de 45,6 milh\u00f5es de pessoas, este ano.<img decoding=\"async\" src=\"https:\/\/agenciabrasil.ebc.com.br\/ebc.png?id=1405496&amp;o=node\"><img decoding=\"async\" src=\"https:\/\/agenciabrasil.ebc.com.br\/ebc.gif?id=1405496&amp;o=node\"><\/p>\n\n\n\n<p>Os recursos ser\u00e3o depositados nas contas digitais que abertas pela Caixa para os benefici\u00e1rios no ano passado.<\/p>\n\n\n\n<h2 class=\"wp-block-heading\">Calend\u00e1rio<\/h2>\n\n\n\n<p>Na ter\u00e7a-feira, come\u00e7am a receber os trabalhadores informais, microempreendedores individuais, desempregados e outras pessoas afetadas pela pandemia da covid-19 nascidas no m\u00eas de janeiro, al\u00e9m de integrantes do Cadastro \u00danico do governo federal.<\/p>\n\n\n\n<p>Benefici\u00e1rios do Bolsa Fam\u00edlia receber\u00e3o de acordo com o calend\u00e1rio habitual do programa, que, em abril, come\u00e7a a ser pago no dia 16.<\/p>\n\n\n\n<p>As pessoas n\u00e3o ter\u00e3o direito a sacar os recursos no mesmo dia em que receberem, conforme explicou o presidente da Caixa, Pedro Guimar\u00e3es, durante an\u00fancio feito no Pal\u00e1cio do Planalto, esta manh\u00e3.<\/p>\n\n\n\n<p>O objetivo do escalonamento \u00e9 motivar as pessoas a usarem os dispositivos digitais e, assim, evitar a ida a bancos e ag\u00eancias lot\u00e9ricas. \u201cNossa expectativa \u00e9 que mais da metade das pessoas realize o pagamento de contas digitalmente\u201d, disse Guimar\u00e3es. \u201cJ\u00e1 temos tudo muito bem organizado. Vamos minimizar as filas, pagando o mais r\u00e1pido poss\u00edvel, com o m\u00ednimo de aglomera\u00e7\u00e3o poss\u00edvel\u201d, acrescentou Guimar\u00e3es.<\/p>\n\n\n\n<p>O&nbsp;<a href=\"https:\/\/www.in.gov.br\/en\/web\/dou\/-\/portaria-mc-n-622-de-31-de-marco-de-2021-311666105\">calend\u00e1rio completo<\/a>&nbsp;de pagamentos e saques consta da Portaria n\u00ba 622, que o Minist\u00e9rio da Cidadania publicou hoje (31), no Di\u00e1rio Oficial da Uni\u00e3o.<\/p>\n\n\n\n<p>Cerca de R$ 44 bilh\u00f5es foram destinados ao aux\u00edlio emergencial por meio da&nbsp;<a href=\"https:\/\/agenciabrasil.ebc.com.br\/politica\/noticia\/2021-03\/congresso-promulga-emenda-para-pagamento-de-auxilio-emergencial\">promulga\u00e7\u00e3o<\/a>&nbsp;da Emenda Constitucional 109\/2021, a chamada PEC Emergencial.<\/p>\n\n\n\n<p>A emenda constitucional abriu caminho para que o governo federal ultrapasse o limite do teto de gastos, sem comprometer a meta de resultado fiscal prim\u00e1rio e sem afetar a chamada regra de ouro (esp\u00e9cie de teto de endividamento p\u00fablico para financiar gastos correntes).<\/p>\n\n\n\n<h2 class=\"wp-block-heading\">Parcelas<\/h2>\n\n\n\n<p>Conforme destacou o ministro da Cidadania, Jo\u00e3o Roma, durante o an\u00fancio desta manh\u00e3, as quatro parcelas de, em m\u00e9dia, R$ 250, ser\u00e3o pagas a uma pessoa por fam\u00edlia, sendo que mulheres chefes de fam\u00edlia receber\u00e3o R$ 375, enquanto indiv\u00edduos que vivem s\u00f3 \u2013 fam\u00edlia unipessoal \u2013 receber\u00e3o R$ 150.<\/p>\n\n\n\n<p>Do valor total estabelecido pelo Congresso Nacional, R$ 23,4 bilh\u00f5es ser\u00e3o destinados ao p\u00fablico j\u00e1 inscrito em plataformas digitais da Caixa, R$ 6,5 bilh\u00f5es para integrantes do Cadastro \u00danico do Governo Federal e R$ 12,7 bilh\u00f5es para atendidos pelo Bolsa Fam\u00edlia.<\/p>\n\n\n\n<p>\u201cEste \u00e9 um alento para o povo brasileiro. S\u00e3o recursos p\u00fablicos direcionados para o brasileiro vulner\u00e1vel, para as pessoas que est\u00e3o passando muitas dificuldades\u201d, comentou Roma, lembrando que o aux\u00edlio ser\u00e1 concedido automaticamente ao trabalhador informal com renda per capita de at\u00e9 meio sal\u00e1rio m\u00ednimo e renda mensal total de at\u00e9 tr\u00eas sal\u00e1rios m\u00ednimos que recebeu o benef\u00edcio em dezembro de 2020 e que continue fazendo jus \u00e0 ajuda federal. &#8220;O aux\u00edlio \u00e9 uma ferramenta para minimizar o sofrimento e fazer com que nosso povo consiga superar esta pandemia.\u201d<\/p>\n\n\n\n<h2 class=\"wp-block-heading\">Atividade econ\u00f4mica<\/h2>\n\n\n\n<p>Durante o an\u00fancio, o presidente Jair Bolsonaro voltou a defender a necessidade de retomada de atividades comerciais. \u201cT\u00ednhamos e temos dois inimigos: o v\u00edrus e o desemprego. E n\u00e3o \u00e9 ficando em casa que vamos solucionar este problema\u201d, declarou o presidente, criticando as medidas que restringem o funcionamento de atividades consideradas n\u00e3o essenciais.<\/p>\n\n\n\n<p>\u201cEsta pol\u00edtica continua sendo adotada. O esp\u00edrito dela era buscar achatar a curva de contamina\u00e7\u00e3o enquanto os hospitais se preparavam com leitos de UTI e respiradores, para que pessoas n\u00e3o viessem a perder suas vidas por falta de atendimento. O governo federal dispensou bilh\u00f5es de reais para a Sa\u00fade e sabe que n\u00e3o pode continuar por muito tempo com este aux\u00edlio [emergencial], que \u00e9 um custo para toda a popula\u00e7\u00e3o e pode desequilibrar nossa economia\u201d, declarou Bolsonaro.<\/p>\n\n\n\n<p>&#8220;O Brasil tem que voltar a trabalhar. A fome est\u00e1 batendo cada vez mais forte na casa destas pessoas. Eu temo por problemas sociais grav\u00edssimos no Brasil. O [valor do] aux\u00edlio \u00e9 pouco, reconhe\u00e7o, mas \u00e9 o que a na\u00e7\u00e3o pode dispensar \u00e0 popula\u00e7\u00e3o&#8221;, acrescentou.<\/p>\n\n\n\n<p>Ele apelou para que governadores e prefeitos \u201crevejam\u201d a ado\u00e7\u00e3o de medidas restritivas que, segundo o presidente, em alguns casos, &#8220;superam, e muito, o que seria [a decreta\u00e7\u00e3o] de um estado de s\u00edtio&#8221;.<\/p>\n\n\n\n<p>&#8220;A popula\u00e7\u00e3o n\u00e3o s\u00f3 quer, como precisa trabalhar. Nenhuma na\u00e7\u00e3o se sustenta por muito tempo com este tipo de pol\u00edtica. Queremos voltar \u00e0 normalidade o mais r\u00e1pido poss\u00edvel&#8221;, enfatizou o presidente.<\/p>\n\n\n\n<p>Ele destacou que, em termos de vacina\u00e7\u00e3o, o Brasil est\u00e1 &#8220;em uma posi\u00e7\u00e3o bastante privilegiada&#8221; quando comparado a outros pa\u00edses. O Brasil atingiu, ontem, a marca de 8% da popula\u00e7\u00e3o vacinada com a primeira dose. &#8220;Gostar\u00edamos de ser o primeiro, mas fazemos o poss\u00edvel para atender \u00e0 popula\u00e7\u00e3o com vacinas&#8221;.<\/p>\n\n\n\n<h2 class=\"wp-block-heading\">Aux\u00edlio emergencial em 2020<\/h2>\n\n\n\n<p>Em 2020, o governo federal destinou R$ 295 bilh\u00f5es ao pagamento do aux\u00edlio emergencial e de sua extens\u00e3o, beneficiando diretamente a 68 milh\u00f5es de pessoas.<\/p>\n\n\n\n<p>Institu\u00edda pela Lei n\u00ba 13.982, de 2 de abril de 2020, a ajuda foi paga em cinco parcelas de R$ 600 ou R$ 1.200 para mulheres provedoras de fam\u00edlia monoparental, enquanto a extens\u00e3o do aux\u00edlio emergencial (MP n\u00ba 1000 &#8211; MIL) teve at\u00e9 4 parcelas de R$ 300 para o p\u00fablico geral e de R$ 600 para a cota dupla.<\/p>\n\n\n\n<p>Na&nbsp;<a href=\"https:\/\/www.gov.br\/cidadania\/pt-br\/noticias-e-conteudos\/desenvolvimento-social\/noticias-desenvolvimento-social\/tire-suas-duvidas-em-30-perguntas-e-respostas-sobre-o-auxilio-emergencial\">p\u00e1gina do Minist\u00e9rio da Cidadania<\/a>&nbsp;\u00e9 poss\u00edvel esclarecer d\u00favidas sobre o aux\u00edlio emergencial.<\/p>\n\n\n\n<p>Hoje (31), \u00e0s 15h, a Caixa Econ\u00f4mica Federal conceder\u00e1 entrevista coletiva sobre o pagamento do novo aux\u00edlio.<\/p>\n\n\n\n<p>Confira o pronunciamento, nesta manh\u00e3, no Pal\u00e1cio do Planalto:https:\/\/www.youtube.com\/embed\/\/Ap70-l99Grw<\/p>\n\n\n\n<p><em>* Mat\u00e9ria atualizada \u00e0s 13h55.<\/em><\/p>\n\n\n\n<p>Edi\u00e7\u00e3o: Kelly Oliveira<\/p>\n","protected":false},"excerpt":{"rendered":"<p>Milh\u00f5es de fam\u00edlias em situa\u00e7\u00e3o de vulnerabilidade social come\u00e7am a receber, na pr\u00f3xima ter\u00e7a-feira (6),<\/p>\n","protected":false},"author":2,"featured_media":12152,"comment_status":"open","ping_status":"open","sticky":false,"template":"","format":"standard","meta":{"footnotes":""},"categories":[17],"tags":[],"class_list":["post-12151","post","type-post","status-publish","format-standard","has-post-thumbnail","hentry","category-outras-noticias"],"_links":{"self":[{"href":"https:\/\/tvc16.com\/portal\/wp-json\/wp\/v2\/posts\/12151","targetHints":{"allow":["GET"]}}],"collection":[{"href":"https:\/\/tvc16.com\/portal\/wp-json\/wp\/v2\/posts"}],"about":[{"href":"https:\/\/tvc16.com\/portal\/wp-json\/wp\/v2\/types\/post"}],"author":[{"embeddable":true,"href":"https:\/\/tvc16.com\/portal\/wp-json\/wp\/v2\/users\/2"}],"replies":[{"embeddable":true,"href":"https:\/\/tvc16.com\/portal\/wp-json\/wp\/v2\/comments?post=12151"}],"version-history":[{"count":2,"href":"https:\/\/tvc16.com\/portal\/wp-json\/wp\/v2\/posts\/12151\/revisions"}],"predecessor-version":[{"id":12154,"href":"https:\/\/tvc16.com\/portal\/wp-json\/wp\/v2\/posts\/12151\/revisions\/12154"}],"wp:featuredmedia":[{"embeddable":true,"href":"https:\/\/tvc16.com\/portal\/wp-json\/wp\/v2\/media\/12152"}],"wp:attachment":[{"href":"https:\/\/tvc16.com\/portal\/wp-json\/wp\/v2\/media?parent=12151"}],"wp:term":[{"taxonomy":"category","embeddable":true,"href":"https:\/\/tvc16.com\/portal\/wp-json\/wp\/v2\/categories?post=12151"},{"taxonomy":"post_tag","embeddable":true,"href":"https:\/\/tvc16.com\/portal\/wp-json\/wp\/v2\/tags?post=12151"}],"curies":[{"name":"wp","href":"https:\/\/api.w.org\/{rel}","templated":true}]}}