{"id":12155,"date":"2021-03-31T17:07:23","date_gmt":"2021-03-31T20:07:23","guid":{"rendered":"https:\/\/tvc16.com\/portal\/?p=12155"},"modified":"2021-03-31T17:16:26","modified_gmt":"2021-03-31T20:16:26","slug":"policia-civil-pede-arquivamento-do-caso-em-que-tec-de-enfermagem-aplicou-vacina-vazia-em-idosa","status":"publish","type":"post","link":"https:\/\/tvc16.com\/portal\/2021\/03\/31\/policia-civil-pede-arquivamento-do-caso-em-que-tec-de-enfermagem-aplicou-vacina-vazia-em-idosa\/","title":{"rendered":"Pol\u00edcia Civil pede arquivamento do caso em que tec. de enfermagem aplicou vacina vazia em idosa"},"content":{"rendered":"\n<p>A Pol\u00edcia Civil pediu o arquivamento do inqu\u00e9rito que investigava o caso da t\u00e9cnica de enfermagem que aplicou uma inje\u00e7\u00e3o vazia em uma idosa, de 94 anos, em fevereiro deste ano. O caso ocorreu em um posto de drive-thru, montado pela Secretaria de Sa\u00fade, na Universidade Cat\u00f3lica de Petr\u00f3polis, que fica na Rua Benjamin Constant, no Centro, e ganhou repercuss\u00e3o ap\u00f3s a fam\u00edlia da idosa divulgar um v\u00eddeo do momento da imuniza\u00e7\u00e3o, contra a covid-19, nas redes sociais.<\/p>\n\n\n\n<p>De acordo com a pol\u00edcia foi apurado que houve imper\u00edcia e o desperd\u00edcio acidental de dose, por parte da profissional de sa\u00fade. O pedido de arquivamento j\u00e1 foi enviado ao Minist\u00e9rio P\u00fablico Estadual, que deve agora emitir um parecer favor\u00e1vel ou n\u00e3o. Ainda de acordo com a investiga\u00e7\u00e3o, n\u00e3o houve ind\u00edcios de m\u00e1 f\u00e9 por parte da profissional.<\/p>\n\n\n\n<p>Imagens feitas pelos familiares da idosa mostraram o momento em que a t\u00e9cnica de enfermagem aplicava a vacina vazia no bra\u00e7o da idosa. Ap\u00f3s o registro a profissional foi afastada das fun\u00e7\u00f5es at\u00e9 a conclus\u00e3o das investiga\u00e7\u00f5es. J\u00e1 a idosa recebeu a dose certa da vacina no dia seguinte ao caso, em casa, conforme informou a prefeitura na \u00e9poca.<\/p>\n","protected":false},"excerpt":{"rendered":"<p>A Pol\u00edcia Civil pediu o arquivamento do inqu\u00e9rito que investigava o caso da t\u00e9cnica de<\/p>\n","protected":false},"author":2,"featured_media":12159,"comment_status":"open","ping_status":"open","sticky":false,"template":"","format":"standard","meta":{"footnotes":""},"categories":[12],"tags":[],"class_list":["post-12155","post","type-post","status-publish","format-standard","has-post-thumbnail","hentry","category-cidade"],"_links":{"self":[{"href":"https:\/\/tvc16.com\/portal\/wp-json\/wp\/v2\/posts\/12155","targetHints":{"allow":["GET"]}}],"collection":[{"href":"https:\/\/tvc16.com\/portal\/wp-json\/wp\/v2\/posts"}],"about":[{"href":"https:\/\/tvc16.com\/portal\/wp-json\/wp\/v2\/types\/post"}],"author":[{"embeddable":true,"href":"https:\/\/tvc16.com\/portal\/wp-json\/wp\/v2\/users\/2"}],"replies":[{"embeddable":true,"href":"https:\/\/tvc16.com\/portal\/wp-json\/wp\/v2\/comments?post=12155"}],"version-history":[{"count":1,"href":"https:\/\/tvc16.com\/portal\/wp-json\/wp\/v2\/posts\/12155\/revisions"}],"predecessor-version":[{"id":12157,"href":"https:\/\/tvc16.com\/portal\/wp-json\/wp\/v2\/posts\/12155\/revisions\/12157"}],"wp:featuredmedia":[{"embeddable":true,"href":"https:\/\/tvc16.com\/portal\/wp-json\/wp\/v2\/media\/12159"}],"wp:attachment":[{"href":"https:\/\/tvc16.com\/portal\/wp-json\/wp\/v2\/media?parent=12155"}],"wp:term":[{"taxonomy":"category","embeddable":true,"href":"https:\/\/tvc16.com\/portal\/wp-json\/wp\/v2\/categories?post=12155"},{"taxonomy":"post_tag","embeddable":true,"href":"https:\/\/tvc16.com\/portal\/wp-json\/wp\/v2\/tags?post=12155"}],"curies":[{"name":"wp","href":"https:\/\/api.w.org\/{rel}","templated":true}]}}