{"id":12160,"date":"2021-03-31T17:37:20","date_gmt":"2021-03-31T20:37:20","guid":{"rendered":"https:\/\/tvc16.com\/portal\/?p=12160"},"modified":"2021-03-31T17:42:39","modified_gmt":"2021-03-31T20:42:39","slug":"concessionaria-de-carros-e-multada-em-operacao-choque-de-ordem","status":"publish","type":"post","link":"https:\/\/tvc16.com\/portal\/2021\/03\/31\/concessionaria-de-carros-e-multada-em-operacao-choque-de-ordem\/","title":{"rendered":"Concession\u00e1ria de carros \u00e9 multada em Opera\u00e7\u00e3o Choque de Ordem"},"content":{"rendered":"\n<p>Nesta quarta-feira (31.03) uma concession\u00e1ria de ve\u00edculos foi multada pela fiscaliza\u00e7\u00e3o<\/p>\n\n\n\n<p>A Opera\u00e7\u00e3o Choque de Ordem, implementada pelo governo municipal, j\u00e1 expediu quatro multas para estabelecimentos que n\u00e3o estavam cumprindo o decreto municipal, publicado na segunda-feira (29.03). Nessa quarta-feira (31.03), segundo dia de medidas emergenciais mais restritivas, uma concession\u00e1ria de carros foi multada em R$ 2 mil pelas equipes de fiscaliza\u00e7\u00e3o por estar funcionando fora da normativa do munic\u00edpio. Outros 17 estabelecimentos, como papelarias, lojas de roupas e de artigos de embalagens, no Centro, receberam intima\u00e7\u00f5es para fechar as portas.<\/p>\n\n\n\n<p>\u201cAl\u00e9m de desobedecer ao decreto em vigor, o propriet\u00e1rio da concession\u00e1ria amea\u00e7ou a equipe de fiscaliza\u00e7\u00e3o. Esse tipo de com\u00e9rcio n\u00e3o possui nenhum tipo de autoriza\u00e7\u00e3o para funcionar neste momento. As pessoas precisam entender a gravidade da situa\u00e7\u00e3o. Se cada um fizer seu papel, vamos conseguir reverter o quadro mais rapidamente\u201d, explica a secret\u00e1ria de Servi\u00e7os, Seguran\u00e7a e Ordem P\u00fablica, Karina Bronzo. Ela destaca ainda que existe a possibilidade do estabelecimento ser interditado. \u201cN\u00e3o adianta descumprir o decreto. O munic\u00edpio est\u00e1 amparado legalmente\u201d, afirma a secret\u00e1ria.<\/p>\n\n\n\n<p>A equipe da fiscaliza\u00e7\u00e3o tamb\u00e9m esteve pela manh\u00e3 na tradicional Feira do Pescado, onde realizaram um trabalho de orienta\u00e7\u00e3o aos comerciantes. Espa\u00e7os comerciais n\u00e3o essenciais flagrados em funcionamento tamb\u00e9m foram intimados encerrar as atividades. As a\u00e7\u00f5es das for\u00e7as de seguran\u00e7a e \u00f3rg\u00e3o da Prefeitura estar\u00e3o atuando de forma cont\u00ednua em bairros e nos distritos da cidade para que haja o estrito cumprimento do decreto durante sua vig\u00eancia.<\/p>\n\n\n\n<p>As medidas foram necess\u00e1rias para tentar conter os casos de covid-19 na cidade. At\u00e9 a noite de ter\u00e7a-feira (30\/03), Petr\u00f3polis j\u00e1 registrava a morte de 687 pessoas. O n\u00famero de pessoas internadas em leitos destinados \u00e0 covid-19 bateu mais um triste recorde na cidade: 341 pessoas. A ocupa\u00e7\u00e3o de leitos cl\u00ednicos pelo SUS \u00e9 de 88,99% e 99,07% em leitos de UTI. \u00c9 poss\u00edvel acompanhar a evolu\u00e7\u00e3o dos casos no portal da transpar\u00eancia do coronav\u00edrus, no site da Prefeitura (www.petropolis.rj.gov.br).<\/p>\n\n\n\n<p>Foto: arquivo PMP<\/p>\n","protected":false},"excerpt":{"rendered":"<p>Nesta quarta-feira (31.03) uma concession\u00e1ria de ve\u00edculos foi multada pela fiscaliza\u00e7\u00e3o A Opera\u00e7\u00e3o Choque de<\/p>\n","protected":false},"author":2,"featured_media":0,"comment_status":"open","ping_status":"open","sticky":false,"template":"","format":"standard","meta":{"footnotes":""},"categories":[12],"tags":[],"class_list":["post-12160","post","type-post","status-publish","format-standard","hentry","category-cidade"],"_links":{"self":[{"href":"https:\/\/tvc16.com\/portal\/wp-json\/wp\/v2\/posts\/12160","targetHints":{"allow":["GET"]}}],"collection":[{"href":"https:\/\/tvc16.com\/portal\/wp-json\/wp\/v2\/posts"}],"about":[{"href":"https:\/\/tvc16.com\/portal\/wp-json\/wp\/v2\/types\/post"}],"author":[{"embeddable":true,"href":"https:\/\/tvc16.com\/portal\/wp-json\/wp\/v2\/users\/2"}],"replies":[{"embeddable":true,"href":"https:\/\/tvc16.com\/portal\/wp-json\/wp\/v2\/comments?post=12160"}],"version-history":[{"count":1,"href":"https:\/\/tvc16.com\/portal\/wp-json\/wp\/v2\/posts\/12160\/revisions"}],"predecessor-version":[{"id":12162,"href":"https:\/\/tvc16.com\/portal\/wp-json\/wp\/v2\/posts\/12160\/revisions\/12162"}],"wp:attachment":[{"href":"https:\/\/tvc16.com\/portal\/wp-json\/wp\/v2\/media?parent=12160"}],"wp:term":[{"taxonomy":"category","embeddable":true,"href":"https:\/\/tvc16.com\/portal\/wp-json\/wp\/v2\/categories?post=12160"},{"taxonomy":"post_tag","embeddable":true,"href":"https:\/\/tvc16.com\/portal\/wp-json\/wp\/v2\/tags?post=12160"}],"curies":[{"name":"wp","href":"https:\/\/api.w.org\/{rel}","templated":true}]}}