{"id":12163,"date":"2021-03-31T17:40:39","date_gmt":"2021-03-31T20:40:39","guid":{"rendered":"https:\/\/tvc16.com\/portal\/?p=12163"},"modified":"2021-03-31T17:40:41","modified_gmt":"2021-03-31T20:40:41","slug":"procon-petropolis-presta-orientacao-a-comerciantes-na-feira-do-pescado","status":"publish","type":"post","link":"https:\/\/tvc16.com\/portal\/2021\/03\/31\/procon-petropolis-presta-orientacao-a-comerciantes-na-feira-do-pescado\/","title":{"rendered":"Procon Petr\u00f3polis presta orienta\u00e7\u00e3o a comerciantes na Feira do Pescado"},"content":{"rendered":"\n<p>O Procon Petr\u00f3polis esteve hoje (31), na Feira do Pescado, na Rua Souza Franco, conversando e conscientizando os comerciantes. O objetivo foi o de prestar orienta\u00e7\u00e3o aos feirantes na Semana Santa sobre a exposi\u00e7\u00e3o dos pre\u00e7os, embalagem, manuseio, conserva\u00e7\u00e3o e pesagem dos alimentos evitando transtornos aos consumidores.<\/p>\n\n\n\n<p>\u201cA nossa presen\u00e7a na Feira do Pescado \u00e9 no sentido de prestar a melhor orienta\u00e7\u00e3o aos comerciantes. O que queremos \u00e9 que tudo funcione em conformidade da lei e da Vigil\u00e2ncia Sanit\u00e1ria, assim evitando que o consumidor se sinta prejudicado\u201d, ressaltou Jorge Badia, coordenador do Procon.<\/p>\n\n\n\n<p>Badia explica que os pre\u00e7os precisam estar bem fixados e individualizados. Al\u00e9m disso, o feirante que manuseia o peixe n\u00e3o pode trabalhar no caixa. Uma das maiores queixas recebidas pelo \u00f3rg\u00e3o est\u00e1 relacionada a pesagem, j\u00e1 que o pescado n\u00e3o pode estar congelado.<\/p>\n","protected":false},"excerpt":{"rendered":"<p>O Procon Petr\u00f3polis esteve hoje (31), na Feira do Pescado, na Rua Souza Franco, conversando<\/p>\n","protected":false},"author":2,"featured_media":12164,"comment_status":"open","ping_status":"open","sticky":false,"template":"","format":"standard","meta":{"footnotes":""},"categories":[12],"tags":[],"class_list":["post-12163","post","type-post","status-publish","format-standard","has-post-thumbnail","hentry","category-cidade"],"_links":{"self":[{"href":"https:\/\/tvc16.com\/portal\/wp-json\/wp\/v2\/posts\/12163","targetHints":{"allow":["GET"]}}],"collection":[{"href":"https:\/\/tvc16.com\/portal\/wp-json\/wp\/v2\/posts"}],"about":[{"href":"https:\/\/tvc16.com\/portal\/wp-json\/wp\/v2\/types\/post"}],"author":[{"embeddable":true,"href":"https:\/\/tvc16.com\/portal\/wp-json\/wp\/v2\/users\/2"}],"replies":[{"embeddable":true,"href":"https:\/\/tvc16.com\/portal\/wp-json\/wp\/v2\/comments?post=12163"}],"version-history":[{"count":1,"href":"https:\/\/tvc16.com\/portal\/wp-json\/wp\/v2\/posts\/12163\/revisions"}],"predecessor-version":[{"id":12165,"href":"https:\/\/tvc16.com\/portal\/wp-json\/wp\/v2\/posts\/12163\/revisions\/12165"}],"wp:featuredmedia":[{"embeddable":true,"href":"https:\/\/tvc16.com\/portal\/wp-json\/wp\/v2\/media\/12164"}],"wp:attachment":[{"href":"https:\/\/tvc16.com\/portal\/wp-json\/wp\/v2\/media?parent=12163"}],"wp:term":[{"taxonomy":"category","embeddable":true,"href":"https:\/\/tvc16.com\/portal\/wp-json\/wp\/v2\/categories?post=12163"},{"taxonomy":"post_tag","embeddable":true,"href":"https:\/\/tvc16.com\/portal\/wp-json\/wp\/v2\/tags?post=12163"}],"curies":[{"name":"wp","href":"https:\/\/api.w.org\/{rel}","templated":true}]}}