{"id":12167,"date":"2021-03-31T17:49:48","date_gmt":"2021-03-31T20:49:48","guid":{"rendered":"https:\/\/tvc16.com\/portal\/?p=12167"},"modified":"2021-03-31T17:49:50","modified_gmt":"2021-03-31T20:49:50","slug":"imc-se-reune-com-representante-da-secretaria-estadual-de-cultura","status":"publish","type":"post","link":"https:\/\/tvc16.com\/portal\/2021\/03\/31\/imc-se-reune-com-representante-da-secretaria-estadual-de-cultura\/","title":{"rendered":"IMC se re\u00fane com representante da Secretaria Estadual de Cultura"},"content":{"rendered":"\n<p>Prefeitura alinha a\u00e7\u00f5es para a Cultura com o governo do Estado<\/p>\n\n\n\n<p>Estreitar la\u00e7os, tra\u00e7ar metas para o futuro e trabalhar na divulga\u00e7\u00e3o de a\u00e7\u00f5es que possam trazer benef\u00edcios aos equipamentos ou oportunidades culturais para Petr\u00f3polis. Esses foram os objetivos de uma reuni\u00e3o on-line entre o diretor presidente do Instituto Municipal de Cultura (IMC), Leandro Kronemberger, a gerente do Centro de Cultura Raul de Leoni, Catarina Maul, e, representando o governo do Estado do Rio de Janeiro, Adenilson Honorato, respons\u00e1vel por assessoramento de Rela\u00e7\u00f5es Intermunicipais e por auxiliar os munic\u00edpios fluminenses na ado\u00e7\u00e3o de pol\u00edticas p\u00fablicas voltadas para a Cultura.<\/p>\n\n\n\n<p>O encontro, realizado na tarde de ontem (30\/03), serviu tamb\u00e9m para apresentar os trabalhos desenvolvidos neste ano pelo governo municipal dentro do segmento. Adenilson, na oportunidade, declarou seu amor por sua cidade natal, Petr\u00f3polis, e seu desejo de v\u00ea-la prosperando no campo cultural. &#8220;Tamb\u00e9m \u00e9 uma oportunidade de ouvir as demandas do munic\u00edpio&#8221;, ressaltou ele.<\/p>\n\n\n\n<p>\u201cTer este contato com a Secretaria do Estado \u00e9 muito ben\u00e9fico, pois coloca a cidade de Petr\u00f3polis mais pr\u00f3xima das pol\u00edticas p\u00fablicas que atingem um \u00e2mbito maior que a pr\u00f3pria cidade, al\u00e9m de oportunizar contato efetivo com a\u00e7\u00f5es de outros munic\u00edpios\u201d, garantiu Berg.<\/p>\n\n\n\n<p>\u201cFicamos muito felizes com a receptividade do Adenilson Honorato e sentimos uma porta aberta para que possamos nos capacitar ainda mais para trazer o melhor para a Cultura de Petr\u00f3polis, que merece total aten\u00e7\u00e3o, n\u00e3o somente pelo talento da cena cultural, mas pelas mudan\u00e7as que promove aos demais seres humanos das distintas plateias&#8221;, completou Catarina Maul.<\/p>\n","protected":false},"excerpt":{"rendered":"<p>Prefeitura alinha a\u00e7\u00f5es para a Cultura com o governo do Estado Estreitar la\u00e7os, tra\u00e7ar metas<\/p>\n","protected":false},"author":2,"featured_media":12168,"comment_status":"open","ping_status":"open","sticky":false,"template":"","format":"standard","meta":{"footnotes":""},"categories":[12],"tags":[],"class_list":["post-12167","post","type-post","status-publish","format-standard","has-post-thumbnail","hentry","category-cidade"],"_links":{"self":[{"href":"https:\/\/tvc16.com\/portal\/wp-json\/wp\/v2\/posts\/12167","targetHints":{"allow":["GET"]}}],"collection":[{"href":"https:\/\/tvc16.com\/portal\/wp-json\/wp\/v2\/posts"}],"about":[{"href":"https:\/\/tvc16.com\/portal\/wp-json\/wp\/v2\/types\/post"}],"author":[{"embeddable":true,"href":"https:\/\/tvc16.com\/portal\/wp-json\/wp\/v2\/users\/2"}],"replies":[{"embeddable":true,"href":"https:\/\/tvc16.com\/portal\/wp-json\/wp\/v2\/comments?post=12167"}],"version-history":[{"count":1,"href":"https:\/\/tvc16.com\/portal\/wp-json\/wp\/v2\/posts\/12167\/revisions"}],"predecessor-version":[{"id":12169,"href":"https:\/\/tvc16.com\/portal\/wp-json\/wp\/v2\/posts\/12167\/revisions\/12169"}],"wp:featuredmedia":[{"embeddable":true,"href":"https:\/\/tvc16.com\/portal\/wp-json\/wp\/v2\/media\/12168"}],"wp:attachment":[{"href":"https:\/\/tvc16.com\/portal\/wp-json\/wp\/v2\/media?parent=12167"}],"wp:term":[{"taxonomy":"category","embeddable":true,"href":"https:\/\/tvc16.com\/portal\/wp-json\/wp\/v2\/categories?post=12167"},{"taxonomy":"post_tag","embeddable":true,"href":"https:\/\/tvc16.com\/portal\/wp-json\/wp\/v2\/tags?post=12167"}],"curies":[{"name":"wp","href":"https:\/\/api.w.org\/{rel}","templated":true}]}}