{"id":12170,"date":"2021-03-31T17:51:39","date_gmt":"2021-03-31T20:51:39","guid":{"rendered":"https:\/\/tvc16.com\/portal\/?p=12170"},"modified":"2021-03-31T17:51:41","modified_gmt":"2021-03-31T20:51:41","slug":"empresarios-discutem-medidas-restritivas-com-prefeito-interino","status":"publish","type":"post","link":"https:\/\/tvc16.com\/portal\/2021\/03\/31\/empresarios-discutem-medidas-restritivas-com-prefeito-interino\/","title":{"rendered":"Empres\u00e1rios discutem medidas restritivas com prefeito interino"},"content":{"rendered":"\n<p>O prefeito interino Hingo Hammes se reuniu na manh\u00e3 desta quarta-feira (31\/03) com um grupo de empres\u00e1rios e comerciantes para discutir os avan\u00e7os da Covid-19 e as medidas restritivas decretadas na segunda-feira (29), em todo o munic\u00edpio. O grupo esclareceu d\u00favidas sobre a decis\u00e3o e pediu que o munic\u00edpio reveja as determina\u00e7\u00f5es definidas neste \u00faltimo decreto, al\u00e9m de defender o tratamento precoce.<\/p>\n\n\n\n<p>Para o prefeito interino, o debate transparente \u00e9 necess\u00e1rio, com envolvimento dos empres\u00e1rios e comerciantes de todos os setores, para o controle da pandemia e redu\u00e7\u00e3o de novas infec\u00e7\u00f5es e \u00f3bitos pela doen\u00e7a. \u201cEstamos em um momento extremamente preocupante, por isso precisamos trabalhar juntos e com transpar\u00eancia. Sabemos que muitos n\u00e3o concordam com as medidas, mas precisamos encontrar maneiras de desacelerar a taxa de cont\u00e1gio do coronav\u00edrus porque, apesar dos esfor\u00e7os, a rede de sa\u00fade n\u00e3o suporta mais a crescente demanda\u201d, frisou ele, que ouviu dos empres\u00e1rios a preocupa\u00e7\u00e3o em rela\u00e7\u00e3o aos impactos econ\u00f4micos das a\u00e7\u00f5es.<\/p>\n\n\n\n<p>Os vereadores Marcelo Lessa, Eduardo do Blog e Oct\u00e1vio Sampaio, tamb\u00e9m participaram do encontro, onde ficou definido que ser\u00e1 criada uma comiss\u00e3o para acompanhar, no dia 4 de abril, a reuni\u00e3o que ir\u00e1 analisar os resultados das medidas anteriores e definir as pr\u00f3ximas que dever\u00e3o ser tomadas pelo Poder Executivo.<\/p>\n","protected":false},"excerpt":{"rendered":"<p>O prefeito interino Hingo Hammes se reuniu na manh\u00e3 desta quarta-feira (31\/03) com um grupo<\/p>\n","protected":false},"author":2,"featured_media":0,"comment_status":"open","ping_status":"open","sticky":false,"template":"","format":"standard","meta":{"footnotes":""},"categories":[12],"tags":[],"class_list":["post-12170","post","type-post","status-publish","format-standard","hentry","category-cidade"],"_links":{"self":[{"href":"https:\/\/tvc16.com\/portal\/wp-json\/wp\/v2\/posts\/12170","targetHints":{"allow":["GET"]}}],"collection":[{"href":"https:\/\/tvc16.com\/portal\/wp-json\/wp\/v2\/posts"}],"about":[{"href":"https:\/\/tvc16.com\/portal\/wp-json\/wp\/v2\/types\/post"}],"author":[{"embeddable":true,"href":"https:\/\/tvc16.com\/portal\/wp-json\/wp\/v2\/users\/2"}],"replies":[{"embeddable":true,"href":"https:\/\/tvc16.com\/portal\/wp-json\/wp\/v2\/comments?post=12170"}],"version-history":[{"count":1,"href":"https:\/\/tvc16.com\/portal\/wp-json\/wp\/v2\/posts\/12170\/revisions"}],"predecessor-version":[{"id":12172,"href":"https:\/\/tvc16.com\/portal\/wp-json\/wp\/v2\/posts\/12170\/revisions\/12172"}],"wp:attachment":[{"href":"https:\/\/tvc16.com\/portal\/wp-json\/wp\/v2\/media?parent=12170"}],"wp:term":[{"taxonomy":"category","embeddable":true,"href":"https:\/\/tvc16.com\/portal\/wp-json\/wp\/v2\/categories?post=12170"},{"taxonomy":"post_tag","embeddable":true,"href":"https:\/\/tvc16.com\/portal\/wp-json\/wp\/v2\/tags?post=12170"}],"curies":[{"name":"wp","href":"https:\/\/api.w.org\/{rel}","templated":true}]}}