{"id":12174,"date":"2021-04-01T10:58:26","date_gmt":"2021-04-01T13:58:26","guid":{"rendered":"https:\/\/tvc16.com\/portal\/?p=12174"},"modified":"2021-04-01T10:58:29","modified_gmt":"2021-04-01T13:58:29","slug":"seis-pessoas-morrem-por-covid-19-nesta-quarta-feira-em-petropolis","status":"publish","type":"post","link":"https:\/\/tvc16.com\/portal\/2021\/04\/01\/seis-pessoas-morrem-por-covid-19-nesta-quarta-feira-em-petropolis\/","title":{"rendered":"Seis pessoas morrem por Covid-19 nesta quarta-feira em Petr\u00f3polis"},"content":{"rendered":"\n<p>O boletim epidemiol\u00f3gico da Secretaria de Sa\u00fade de quarta-feira (31), mostrou que Petr\u00f3polis fez, at\u00e9 agora, 131.396 testes para Covid-19, com 24.858 resultados positivos e 101.695 negativos (levando em considera\u00e7\u00e3o testes r\u00e1pidos e Swab). Seis novos \u00f3bitos foram registrados.<\/p>\n\n\n\n<p>Neste momento, 152 pessoas est\u00e3o internadas em leitos de UTI privados e pelo SUS. Outras 201 est\u00e3o em leitos cl\u00ednicos, considerando leitos privados e SUS, totalizando assim, 353 interna\u00e7\u00f5es em toda a rede da cidade. A ocupa\u00e7\u00e3o de leitos cl\u00ednicos pelo SUS \u00e9 de 86,44% e 95,54% em leitos de UTI.<\/p>\n\n\n\n<p>A Secretaria de Sa\u00fade esclarece que o n\u00famero de \u00f3bitos, hoje em 693, \u00e9 atualizado nos boletins apenas ap\u00f3s o registro do atestado de \u00f3bito e do resultado do exame do paciente no sistema da Vigil\u00e2ncia Epidemiol\u00f3gica, o que \u00e9 feito por equipe administrativa. Trata-se de medida de seguran\u00e7a para evitar erro na informa\u00e7\u00e3o divulgada pela Secretaria de Sa\u00fade.<\/p>\n\n\n\n<p>A Secretaria acrescenta, ainda, que trabalha na atualiza\u00e7\u00e3o de dados de notifica\u00e7\u00f5es e casos em an\u00e1lise no sistema, inserindo ainda dados n\u00e3o lan\u00e7ados no fim do ano passado. \u00c9 poss\u00edvel acompanhar a evolu\u00e7\u00e3o dos casos no portal da transpar\u00eancia do coronav\u00edrus, no site da Prefeitura (www.petropolis.rj.gov.br)<\/p>\n\n\n\n<p>\u00d3bitos registrados:<\/p>\n\n\n\n<p>Homem, 69 anos, morador em Itaipava. Internado em 05\/03 no HCC. \u00d3bito registrado em 27\/03. Paciente com c\u00e2ncer e doen\u00e7a card\u00edaca cr\u00f4nica.<br>Homem, 47 anos, morador no S\u00e3o Sebasti\u00e3o. Internado em 20\/03 no HCC. \u00d3bito registrado em 28\/03. Paciente sem comorbidades.<\/p>\n\n\n\n<p><br>Mulher, 47 anos, moradora no Centro. Internada em 25\/03 no SMH. \u00d3bito registrado em 29\/03. Paciente sem comorbidades.<\/p>\n\n\n\n<p><br>Mulher, 86 anos, morador no Castel\u00e2nea. Internado em 26\/02 no PSLS e transferido para o HMNSE. \u00d3bito registrado em 30\/03. Paciente com hipertens\u00e3o arterial e diabete.<\/p>\n\n\n\n<p><br>Mulher, 75 anos, morador no Sim\u00e9ria. Internada em 22\/03 na UPA Cascatinha e transferida para o HNSA. \u00d3bito registrado em 30\/03. Paciente com hipertens\u00e3o arterial.<\/p>\n\n\n\n<p><br>Mulher, 66 anos, moradora em Corr\u00eaas. Internada em 24\/03 na UPA Cascatinha e transferida para o HNSA. \u00d3bito registrado em 30\/03. Paciente com hipertens\u00e3o arterial e diabete.<\/p>\n","protected":false},"excerpt":{"rendered":"<p>O boletim epidemiol\u00f3gico da Secretaria de Sa\u00fade de quarta-feira (31), mostrou que Petr\u00f3polis fez, at\u00e9<\/p>\n","protected":false},"author":2,"featured_media":12175,"comment_status":"open","ping_status":"open","sticky":false,"template":"","format":"standard","meta":{"footnotes":""},"categories":[12],"tags":[],"class_list":["post-12174","post","type-post","status-publish","format-standard","has-post-thumbnail","hentry","category-cidade"],"_links":{"self":[{"href":"https:\/\/tvc16.com\/portal\/wp-json\/wp\/v2\/posts\/12174","targetHints":{"allow":["GET"]}}],"collection":[{"href":"https:\/\/tvc16.com\/portal\/wp-json\/wp\/v2\/posts"}],"about":[{"href":"https:\/\/tvc16.com\/portal\/wp-json\/wp\/v2\/types\/post"}],"author":[{"embeddable":true,"href":"https:\/\/tvc16.com\/portal\/wp-json\/wp\/v2\/users\/2"}],"replies":[{"embeddable":true,"href":"https:\/\/tvc16.com\/portal\/wp-json\/wp\/v2\/comments?post=12174"}],"version-history":[{"count":1,"href":"https:\/\/tvc16.com\/portal\/wp-json\/wp\/v2\/posts\/12174\/revisions"}],"predecessor-version":[{"id":12176,"href":"https:\/\/tvc16.com\/portal\/wp-json\/wp\/v2\/posts\/12174\/revisions\/12176"}],"wp:featuredmedia":[{"embeddable":true,"href":"https:\/\/tvc16.com\/portal\/wp-json\/wp\/v2\/media\/12175"}],"wp:attachment":[{"href":"https:\/\/tvc16.com\/portal\/wp-json\/wp\/v2\/media?parent=12174"}],"wp:term":[{"taxonomy":"category","embeddable":true,"href":"https:\/\/tvc16.com\/portal\/wp-json\/wp\/v2\/categories?post=12174"},{"taxonomy":"post_tag","embeddable":true,"href":"https:\/\/tvc16.com\/portal\/wp-json\/wp\/v2\/tags?post=12174"}],"curies":[{"name":"wp","href":"https:\/\/api.w.org\/{rel}","templated":true}]}}