{"id":12183,"date":"2021-04-01T11:03:54","date_gmt":"2021-04-01T14:03:54","guid":{"rendered":"https:\/\/tvc16.com\/portal\/?p=12183"},"modified":"2021-04-01T11:03:57","modified_gmt":"2021-04-01T14:03:57","slug":"simples-nacional-empresas-afetadas-por-crise-podem-parcelar-dividas","status":"publish","type":"post","link":"https:\/\/tvc16.com\/portal\/2021\/04\/01\/simples-nacional-empresas-afetadas-por-crise-podem-parcelar-dividas\/","title":{"rendered":"Simples Nacional: empresas afetadas por crise podem parcelar d\u00edvidas"},"content":{"rendered":"\n<h3 class=\"wp-block-heading\">Negocia\u00e7\u00e3o abrange tributos vencidos entre mar\u00e7o e dezembro de 2020<\/h3>\n\n\n\n<ul class=\"wp-block-list\"><li>Por Wellton M\u00e1ximo &#8211; Rep\u00f3rter da Ag\u00eancia Brasil &#8211; Bras\u00edlia<\/li><\/ul>\n\n\n\n<p>As micro e pequenas empresas afetadas pelo agravamento da pandemia de covid-19 podem parcelar os d\u00e9bitos com o Simples Nacional at\u00e9 o fim&nbsp;de junho, com desconto na multa e nos juros. A renegocia\u00e7\u00e3o vale para d\u00edvidas vencidas&nbsp;de mar\u00e7o a dezembro de 2020 e n\u00e3o pagas at\u00e9&nbsp;hoje&nbsp;em decorr\u00eancia da crise provocada pela doen\u00e7a.<img decoding=\"async\" src=\"https:\/\/agenciabrasil.ebc.com.br\/ebc.png?id=1405614&amp;o=node\"><img decoding=\"async\" src=\"https:\/\/agenciabrasil.ebc.com.br\/ebc.gif?id=1405614&amp;o=node\"><\/p>\n\n\n\n<p>As condi\u00e7\u00f5es para a renegocia\u00e7\u00e3o foram definidas pela&nbsp;<a href=\"https:\/\/www.in.gov.br\/en\/web\/dou\/-\/portaria-n-1.696-de-10-de-fevereiro-de-2021-303444111\" target=\"_blank\" rel=\"noreferrer noopener\">Portaria 1.696<\/a>, da Procuradoria-Geral da Fazenda Nacional (PGFN), que recriou as transa\u00e7\u00f5es excepcionais que vigoraram no ano passado.<\/p>\n\n\n\n<p>O parcelamento especial impede que as empresas sejam exclu\u00eddas do Simples Nacional. O prazo para negociar os d\u00e9bitos inscritos em d\u00edvida ativa da Uni\u00e3o come\u00e7ou em 1\u00ba de mar\u00e7o e se encerrar\u00e1 \u00e0s 19h de&nbsp;30 de junho. A ades\u00e3o pode ser feita pelo&nbsp;<a href=\"https:\/\/www.regularize.pgfn.gov.br\/\" target=\"_blank\" rel=\"noreferrer noopener\">portal Regularize<\/a>. Basta o contribuinte escolher a op\u00e7\u00e3o Negociar D\u00edvida e clicar em Acesso ao Sistema de Negocia\u00e7\u00f5es.<\/p>\n\n\n\n<h2 class=\"wp-block-heading\">Etapas<\/h2>\n\n\n\n<p>O processo tem tr\u00eas etapas. Na primeira, o contribuinte preenche a Declara\u00e7\u00e3o de Receita ou de Rendimento, para que a PGFN verifique a capacidade de pagamento do contribuinte. Em seguida, o pr\u00f3prio&nbsp;<em>site<\/em>&nbsp;liberar\u00e1 a proposta de acordo. Por fim, caso o contribuinte esteja apto, poder\u00e1 fazer a ades\u00e3o.<\/p>\n\n\n\n<p>Ap\u00f3s a ades\u00e3o, o contribuinte dever\u00e1 pagar o documento de arrecada\u00e7\u00e3o da primeira presta\u00e7\u00e3o para que a renegocia\u00e7\u00e3o especial seja efetivada. Caso n\u00e3o haja o pagamento da primeira presta\u00e7\u00e3o at\u00e9 a data de vencimento, o acordo \u00e9 cancelado.<\/p>\n\n\n\n<h2 class=\"wp-block-heading\">An\u00e1lise<\/h2>\n\n\n\n<p>As micro e pequenas empresas, assim como os microempreendedores individuais (MEI), poder\u00e3o negociar d\u00e9bitos do Simples Nacional que passaram para a d\u00edvida ativa da Uni\u00e3o. Essa incorpora\u00e7\u00e3o, no entanto, dever\u00e1 ocorrer at\u00e9&nbsp;31 de maio&nbsp;deste ano.<\/p>\n\n\n\n<p>Ap\u00f3s o pedido de parcelamento, a PGFN analisar\u00e1 a capacidade econ\u00f4mica do devedor. As condi\u00e7\u00f5es est\u00e3o mais brandas que a das modalidades especiais de parcelamento criadas no ano passado, que s\u00f3 abrangiam a renegocia\u00e7\u00e3o de d\u00edvidas classificadas como C ou D, com dif\u00edcil chance de recupera\u00e7\u00e3o. Agora, a PGFN avaliar\u00e1 apenas os impactos econ\u00f4micos e financeiros decorrentes da pandemia.<\/p>\n\n\n\n<p>Para as pessoas jur\u00eddicas, a redu\u00e7\u00e3o, em qualquer percentual da soma da receita bruta mensal de 2020 (com in\u00edcio em mar\u00e7o e fim no m\u00eas imediatamente anterior ao de ades\u00e3o) em rela\u00e7\u00e3o \u00e0 soma da receita bruta mensal do mesmo per\u00edodo de 2019, ser\u00e1 levada em conta para a ades\u00e3o.<\/p>\n\n\n\n<h2 class=\"wp-block-heading\">Propostas<\/h2>\n\n\n\n<p>Com base no resultado da an\u00e1lise, a PGFN propor\u00e1 a negocia\u00e7\u00e3o no Portal Regularize. Em troca de uma entrada de 4% do valor total do d\u00e9bito, que poder\u00e1 ser parcelada em at\u00e9 12 meses, o saldo restante poder\u00e1 ser dividido&nbsp;em at\u00e9 133 meses para os contribuintes inscritos no Simples Nacional. O n\u00famero de parcelas \u00e9 maior que o das m\u00e9dias e grandes empresas, que poder\u00e3o dividir o d\u00e9bito em at\u00e9 72 vezes.<\/p>\n\n\n\n<p>Em rela\u00e7\u00e3o \u00e0s micro e pequenas empresas e aos MEI, o desconto corresponder\u00e1 a at\u00e9 100% sobre os valores de multas, juros e encargos, respeitado o limite de at\u00e9 70% do valor total da d\u00edvida. Por restri\u00e7\u00f5es impostas pela Constitui\u00e7\u00e3o, a renegocia\u00e7\u00e3o de d\u00edvidas com a Previd\u00eancia Social est\u00e1 limitada a 60 parcelas (cinco anos).<\/p>\n\n\n\n<p>Edi\u00e7\u00e3o: Gra\u00e7a Adjuto<\/p>\n","protected":false},"excerpt":{"rendered":"<p>Negocia\u00e7\u00e3o abrange tributos vencidos entre mar\u00e7o e dezembro de 2020 Por Wellton M\u00e1ximo &#8211; Rep\u00f3rter<\/p>\n","protected":false},"author":2,"featured_media":12184,"comment_status":"open","ping_status":"open","sticky":false,"template":"","format":"standard","meta":{"footnotes":""},"categories":[17],"tags":[],"class_list":["post-12183","post","type-post","status-publish","format-standard","has-post-thumbnail","hentry","category-outras-noticias"],"_links":{"self":[{"href":"https:\/\/tvc16.com\/portal\/wp-json\/wp\/v2\/posts\/12183","targetHints":{"allow":["GET"]}}],"collection":[{"href":"https:\/\/tvc16.com\/portal\/wp-json\/wp\/v2\/posts"}],"about":[{"href":"https:\/\/tvc16.com\/portal\/wp-json\/wp\/v2\/types\/post"}],"author":[{"embeddable":true,"href":"https:\/\/tvc16.com\/portal\/wp-json\/wp\/v2\/users\/2"}],"replies":[{"embeddable":true,"href":"https:\/\/tvc16.com\/portal\/wp-json\/wp\/v2\/comments?post=12183"}],"version-history":[{"count":1,"href":"https:\/\/tvc16.com\/portal\/wp-json\/wp\/v2\/posts\/12183\/revisions"}],"predecessor-version":[{"id":12185,"href":"https:\/\/tvc16.com\/portal\/wp-json\/wp\/v2\/posts\/12183\/revisions\/12185"}],"wp:featuredmedia":[{"embeddable":true,"href":"https:\/\/tvc16.com\/portal\/wp-json\/wp\/v2\/media\/12184"}],"wp:attachment":[{"href":"https:\/\/tvc16.com\/portal\/wp-json\/wp\/v2\/media?parent=12183"}],"wp:term":[{"taxonomy":"category","embeddable":true,"href":"https:\/\/tvc16.com\/portal\/wp-json\/wp\/v2\/categories?post=12183"},{"taxonomy":"post_tag","embeddable":true,"href":"https:\/\/tvc16.com\/portal\/wp-json\/wp\/v2\/tags?post=12183"}],"curies":[{"name":"wp","href":"https:\/\/api.w.org\/{rel}","templated":true}]}}