{"id":12202,"date":"2021-04-01T11:11:49","date_gmt":"2021-04-01T14:11:49","guid":{"rendered":"https:\/\/tvc16.com\/portal\/?p=12202"},"modified":"2021-04-01T11:11:51","modified_gmt":"2021-04-01T14:11:51","slug":"agencias-do-inss-nao-funcionam-hoje-e-so-reabrem-dia-5","status":"publish","type":"post","link":"https:\/\/tvc16.com\/portal\/2021\/04\/01\/agencias-do-inss-nao-funcionam-hoje-e-so-reabrem-dia-5\/","title":{"rendered":"Ag\u00eancias do INSS n\u00e3o funcionam hoje e s\u00f3 reabrem dia 5"},"content":{"rendered":"\n<h3 class=\"wp-block-heading\">Atendimentos agendados foram remarcados<\/h3>\n\n\n\n<h4 class=\"wp-block-heading\">Por Luciano Nascimento &#8211; Rep\u00f3rter da Ag\u00eancia Brasil &#8211; Bras\u00edlia<\/h4>\n\n\n\n<p>As ag\u00eancias do Instituto Nacional do Seguro Social (INSS) n\u00e3o funcionar\u00e3o nesta quinta-feira (1\u00ba), devido ao ponto facultativo estabelecido pelo Minist\u00e9rio da Economia. Como amanh\u00e3 (2) \u00e9 feriado &#8211; Sexta-feira da Paix\u00e3o &#8211; elas s\u00f3 retornam o atendimento presencial na pr\u00f3xima segunda-feira (5). Com isso, o INSS est\u00e1 remarcando os atendimentos agendados para o dia 1\u00ba de abril.<img decoding=\"async\" src=\"https:\/\/agenciabrasil.ebc.com.br\/ebc.png?id=1405627&amp;o=node\"><img decoding=\"async\" src=\"https:\/\/agenciabrasil.ebc.com.br\/ebc.gif?id=1405627&amp;o=node\"><\/p>\n\n\n\n<p>O INSS orienta os segurados a n\u00e3o se dirigirem \u00e0s ag\u00eancias durante esse per\u00edodo. Lembra, ainda, que os benefici\u00e1rios podem buscar atendimento nos canais digitais.<\/p>\n\n\n\n<p>Para tanto, os benefici\u00e1rios podem acessar o&nbsp;<a href=\"http:\/\/meu.inss.gov.br\/\" target=\"_blank\" rel=\"noreferrer noopener\">Portal Meu INSS<\/a>&nbsp;ou aplicativo Meu INSS. Pelo portal, o cidad\u00e3o pode requerer benef\u00edcios, emitir extratos, cumprir exig\u00eancias e agendar atendimento presencial.<\/p>\n\n\n\n<p>Tamb\u00e9m \u00e9 poss\u00edvel receber atendimento pela central telef\u00f4nica 135. Entre outros servi\u00e7os \u00e9 poss\u00edvel fazer inscri\u00e7\u00e3o na Previd\u00eancia Social, obter orienta\u00e7\u00f5es, esclarecer d\u00favidas, solicitar benef\u00edcios e agendar atendimento presencial.<\/p>\n\n\n\n<h2 class=\"wp-block-heading\">Feriados antecipados<\/h2>\n\n\n\n<p>O INSS j\u00e1 havia<a href=\"http:\/\/agenciabrasil.ebc.com.br\/economia\/noticia\/2021-03\/agencias-do-inss-nao-abrirao-onde-feriados-foram-antecipados\" target=\"_blank\" rel=\"noreferrer noopener\">&nbsp;informado<\/a>&nbsp;sobre o n\u00e3o funcionamento das ag\u00eancias nas cidades em que os governos locais anteciparam feriados e pontos facultativos, como medida de combate \u00e0 pandemia.<\/p>\n\n\n\n<p>Edi\u00e7\u00e3o: Kleber Sampaio<\/p>\n","protected":false},"excerpt":{"rendered":"<p>Atendimentos agendados foram remarcados Por Luciano Nascimento &#8211; Rep\u00f3rter da Ag\u00eancia Brasil &#8211; Bras\u00edlia As<\/p>\n","protected":false},"author":2,"featured_media":12204,"comment_status":"open","ping_status":"open","sticky":false,"template":"","format":"standard","meta":{"footnotes":""},"categories":[17],"tags":[],"class_list":["post-12202","post","type-post","status-publish","format-standard","has-post-thumbnail","hentry","category-outras-noticias"],"_links":{"self":[{"href":"https:\/\/tvc16.com\/portal\/wp-json\/wp\/v2\/posts\/12202","targetHints":{"allow":["GET"]}}],"collection":[{"href":"https:\/\/tvc16.com\/portal\/wp-json\/wp\/v2\/posts"}],"about":[{"href":"https:\/\/tvc16.com\/portal\/wp-json\/wp\/v2\/types\/post"}],"author":[{"embeddable":true,"href":"https:\/\/tvc16.com\/portal\/wp-json\/wp\/v2\/users\/2"}],"replies":[{"embeddable":true,"href":"https:\/\/tvc16.com\/portal\/wp-json\/wp\/v2\/comments?post=12202"}],"version-history":[{"count":1,"href":"https:\/\/tvc16.com\/portal\/wp-json\/wp\/v2\/posts\/12202\/revisions"}],"predecessor-version":[{"id":12205,"href":"https:\/\/tvc16.com\/portal\/wp-json\/wp\/v2\/posts\/12202\/revisions\/12205"}],"wp:featuredmedia":[{"embeddable":true,"href":"https:\/\/tvc16.com\/portal\/wp-json\/wp\/v2\/media\/12204"}],"wp:attachment":[{"href":"https:\/\/tvc16.com\/portal\/wp-json\/wp\/v2\/media?parent=12202"}],"wp:term":[{"taxonomy":"category","embeddable":true,"href":"https:\/\/tvc16.com\/portal\/wp-json\/wp\/v2\/categories?post=12202"},{"taxonomy":"post_tag","embeddable":true,"href":"https:\/\/tvc16.com\/portal\/wp-json\/wp\/v2\/tags?post=12202"}],"curies":[{"name":"wp","href":"https:\/\/api.w.org\/{rel}","templated":true}]}}