{"id":12206,"date":"2021-04-01T11:12:47","date_gmt":"2021-04-01T14:12:47","guid":{"rendered":"https:\/\/tvc16.com\/portal\/?p=12206"},"modified":"2021-04-01T11:12:49","modified_gmt":"2021-04-01T14:12:49","slug":"bolsa-familia-governo-suspende-revisao-cadastral-por-mais-seis-meses","status":"publish","type":"post","link":"https:\/\/tvc16.com\/portal\/2021\/04\/01\/bolsa-familia-governo-suspende-revisao-cadastral-por-mais-seis-meses\/","title":{"rendered":"Bolsa Fam\u00edlia: governo suspende revis\u00e3o cadastral por mais seis meses"},"content":{"rendered":"\n<h3 class=\"wp-block-heading\">Medida foi editada em raz\u00e3o da pandemia de covid-19<\/h3>\n\n\n\n<ul class=\"wp-block-list\"><li>Por Andreia Verd\u00e9lio \u2013 Rep\u00f3rter da Ag\u00eancia Brasil &#8211; Bras\u00edlia<\/li><\/ul>\n\n\n\n<p>O Minist\u00e9rio da Cidadania prorrogou por mais 180 dias a suspens\u00e3o de revis\u00f5es cadastrais e de procedimentos operacionais do Programa Bolsa Fam\u00edlia e do Cadastro \u00danico para Programas Sociais do Governo Federal (Cad\u00danico). A portaria foi publicada ontem (31) em edi\u00e7\u00e3o extra do<a href=\"http:\/\/in.gov.br\/en\/web\/dou\/-\/portaria-mc-n-624-de-31-de-marco-de-2021-311668313\" target=\"_blank\" rel=\"noreferrer noopener\">&nbsp;Di\u00e1rio Oficial da Uni\u00e3o<\/a>.<img decoding=\"async\" src=\"https:\/\/agenciabrasil.ebc.com.br\/ebc.png?id=1405630&amp;o=node\"><img decoding=\"async\" src=\"https:\/\/agenciabrasil.ebc.com.br\/ebc.gif?id=1405630&amp;o=node\"><\/p>\n\n\n\n<p>A suspens\u00e3o vale para procedimentos como os de averigua\u00e7\u00e3o e revis\u00e3o cadastral, bem como as a\u00e7\u00f5es de bloqueio de benef\u00edcios de fam\u00edlias sem informa\u00e7\u00e3o de acompanhamento das regras do programa, como a frequ\u00eancia escolar e a\u00e7\u00f5es de sa\u00fade.<\/p>\n\n\n\n<p>De acordo com o texto, a medida visa \u201cevitar aglomera\u00e7\u00f5es e&nbsp; evitar que os integrantes de fam\u00edlias benefici\u00e1rias do Programa Bolsa Fam\u00edlia, assim como os cidad\u00e3os que trabalham em unidades de cadastramento dessas fam\u00edlias, exponham-se \u00e0 infec\u00e7\u00e3o pelo [novo] coronav\u00edrus\u201d.<\/p>\n\n\n\n<p>Al\u00e9m disso, a opera\u00e7\u00e3o dos programas continua prejudicada, sobretudo nos munic\u00edpios, por situa\u00e7\u00f5es como suspens\u00e3o de aulas, direcionamento de atividades das unidades de sa\u00fade para atender aos infectados pela covid-19 e altera\u00e7\u00e3o no funcionamento de alguns centros e postos de cadastramento.<\/p>\n\n\n\n<p>Tamb\u00e9m est\u00e1 suspenso o c\u00e1lculo do novo \u00edndice para apura\u00e7\u00e3o dos valores que s\u00e3o transferidos pela Uni\u00e3o aos munic\u00edpios, estados e ao Distrito Federal, no \u00e2mbito dos programas sociais federais. Nesse caso, ser\u00e1 utilizado o fator referente a fevereiro de 2020.<\/p>\n\n\n\n<p><a href=\"http:\/\/agenciabrasil.ebc.com.br\/geral\/noticia\/2020-03\/stf-garante-que-bolsa-familia-nao-sofrera-cortes-durante-pandemia\" target=\"_blank\" rel=\"noreferrer noopener\">A suspens\u00e3o da revis\u00e3o cadastral<\/a>&nbsp;do Bolsa Fam\u00edlia e Cad\u00danico come\u00e7ou em mar\u00e7o do ano passado e tem sido prorrogada desde ent\u00e3o por causa da persist\u00eancia da pandemia de covid-19 no pa\u00eds.<\/p>\n\n\n\n<p>Edi\u00e7\u00e3o: Kleber Sampaio<\/p>\n","protected":false},"excerpt":{"rendered":"<p>Medida foi editada em raz\u00e3o da pandemia de covid-19 Por Andreia Verd\u00e9lio \u2013 Rep\u00f3rter da<\/p>\n","protected":false},"author":2,"featured_media":12207,"comment_status":"open","ping_status":"open","sticky":false,"template":"","format":"standard","meta":{"footnotes":""},"categories":[17],"tags":[],"class_list":["post-12206","post","type-post","status-publish","format-standard","has-post-thumbnail","hentry","category-outras-noticias"],"_links":{"self":[{"href":"https:\/\/tvc16.com\/portal\/wp-json\/wp\/v2\/posts\/12206","targetHints":{"allow":["GET"]}}],"collection":[{"href":"https:\/\/tvc16.com\/portal\/wp-json\/wp\/v2\/posts"}],"about":[{"href":"https:\/\/tvc16.com\/portal\/wp-json\/wp\/v2\/types\/post"}],"author":[{"embeddable":true,"href":"https:\/\/tvc16.com\/portal\/wp-json\/wp\/v2\/users\/2"}],"replies":[{"embeddable":true,"href":"https:\/\/tvc16.com\/portal\/wp-json\/wp\/v2\/comments?post=12206"}],"version-history":[{"count":1,"href":"https:\/\/tvc16.com\/portal\/wp-json\/wp\/v2\/posts\/12206\/revisions"}],"predecessor-version":[{"id":12208,"href":"https:\/\/tvc16.com\/portal\/wp-json\/wp\/v2\/posts\/12206\/revisions\/12208"}],"wp:featuredmedia":[{"embeddable":true,"href":"https:\/\/tvc16.com\/portal\/wp-json\/wp\/v2\/media\/12207"}],"wp:attachment":[{"href":"https:\/\/tvc16.com\/portal\/wp-json\/wp\/v2\/media?parent=12206"}],"wp:term":[{"taxonomy":"category","embeddable":true,"href":"https:\/\/tvc16.com\/portal\/wp-json\/wp\/v2\/categories?post=12206"},{"taxonomy":"post_tag","embeddable":true,"href":"https:\/\/tvc16.com\/portal\/wp-json\/wp\/v2\/tags?post=12206"}],"curies":[{"name":"wp","href":"https:\/\/api.w.org\/{rel}","templated":true}]}}