{"id":12209,"date":"2021-04-01T17:12:00","date_gmt":"2021-04-01T20:12:00","guid":{"rendered":"https:\/\/tvc16.com\/portal\/?p=12209"},"modified":"2021-04-01T17:12:09","modified_gmt":"2021-04-01T20:12:09","slug":"idoso-tenta-matar-filha-na-rua-teresa","status":"publish","type":"post","link":"https:\/\/tvc16.com\/portal\/2021\/04\/01\/idoso-tenta-matar-filha-na-rua-teresa\/","title":{"rendered":"Idoso tenta matar filha na Rua Teresa"},"content":{"rendered":"\n<p>Um homem de 71 anos tentou matar a pr\u00f3pria filha, de 42 anos, enforcada, na noite desta quarta-feira (31), na Rua Teresa. A v\u00edtima tem necessidades especiais e foi encontrada pelo Corpo de Bombeiros, com uma corda amarrada no pesco\u00e7o, desacordada deitada no sof\u00e1 da casa. Ela e o pai (que foi socorrido pelo corpo de bombeiros depois de se jogar da laje da casa), est\u00e3o internados. N\u00e3o h\u00e1 informa\u00e7\u00f5es sobre o estado de sa\u00fade das v\u00edtimas. O caso est\u00e1 sendo investigado pela Pol\u00edcia Civil.<\/p>\n","protected":false},"excerpt":{"rendered":"<p>Um homem de 71 anos tentou matar a pr\u00f3pria filha, de 42 anos, enforcada, na<\/p>\n","protected":false},"author":2,"featured_media":11891,"comment_status":"open","ping_status":"open","sticky":false,"template":"","format":"standard","meta":{"footnotes":""},"categories":[12],"tags":[],"class_list":["post-12209","post","type-post","status-publish","format-standard","has-post-thumbnail","hentry","category-cidade"],"_links":{"self":[{"href":"https:\/\/tvc16.com\/portal\/wp-json\/wp\/v2\/posts\/12209","targetHints":{"allow":["GET"]}}],"collection":[{"href":"https:\/\/tvc16.com\/portal\/wp-json\/wp\/v2\/posts"}],"about":[{"href":"https:\/\/tvc16.com\/portal\/wp-json\/wp\/v2\/types\/post"}],"author":[{"embeddable":true,"href":"https:\/\/tvc16.com\/portal\/wp-json\/wp\/v2\/users\/2"}],"replies":[{"embeddable":true,"href":"https:\/\/tvc16.com\/portal\/wp-json\/wp\/v2\/comments?post=12209"}],"version-history":[{"count":1,"href":"https:\/\/tvc16.com\/portal\/wp-json\/wp\/v2\/posts\/12209\/revisions"}],"predecessor-version":[{"id":12210,"href":"https:\/\/tvc16.com\/portal\/wp-json\/wp\/v2\/posts\/12209\/revisions\/12210"}],"wp:featuredmedia":[{"embeddable":true,"href":"https:\/\/tvc16.com\/portal\/wp-json\/wp\/v2\/media\/11891"}],"wp:attachment":[{"href":"https:\/\/tvc16.com\/portal\/wp-json\/wp\/v2\/media?parent=12209"}],"wp:term":[{"taxonomy":"category","embeddable":true,"href":"https:\/\/tvc16.com\/portal\/wp-json\/wp\/v2\/categories?post=12209"},{"taxonomy":"post_tag","embeddable":true,"href":"https:\/\/tvc16.com\/portal\/wp-json\/wp\/v2\/tags?post=12209"}],"curies":[{"name":"wp","href":"https:\/\/api.w.org\/{rel}","templated":true}]}}