{"id":1221,"date":"2020-09-25T11:51:24","date_gmt":"2020-09-25T11:51:24","guid":{"rendered":"https:\/\/tvc16.com\/portal\/?p=1221"},"modified":"2020-09-25T15:41:32","modified_gmt":"2020-09-25T15:41:32","slug":"bolsonaro-fara-cirurgia-em-sao-paulo-nesta-sexta","status":"publish","type":"post","link":"https:\/\/tvc16.com\/portal\/2020\/09\/25\/bolsonaro-fara-cirurgia-em-sao-paulo-nesta-sexta\/","title":{"rendered":"Bolsonaro far\u00e1 cirurgia em S\u00e3o Paulo nesta sexta"},"content":{"rendered":"\n<p>Presidente vai retirar um c\u00e1lculo na bexiga<\/p>\n\n\n\n<p>O presidente Jair Bolsonaro far\u00e1, amanh\u00e3 (25), uma cirurgia no Hospital Albert Einstein, em S\u00e3o Paulo, para a retirada de um c\u00e1lculo na bexiga. A cirurgia est\u00e1 prevista para come\u00e7ar por volta das 10h30.<img decoding=\"async\" src=\"https:\/\/agenciabrasil.ebc.com.br\/ebc.png?id=1388909&amp;o=node\"><img decoding=\"async\" src=\"https:\/\/agenciabrasil.ebc.com.br\/ebc.gif?id=1388909&amp;o=node\"><\/p>\n\n\n\n<p>Nesta quinta-feira, o presidente esteve no Rio de Janeiro para participar da solenidade de inaugura\u00e7\u00e3o de novas estruturas e entrega equipamentos \u00e0 superintend\u00eancia da Pol\u00edcia Rodovi\u00e1ria Federal no Rio de Janeiro. Durante o evento, ele anunciou que o governo pretende<a href=\"https:\/\/agenciabrasil.ebc.com.br\/politica\/noticia\/2020-09\/governo-abrira-mais-2-mil-vagas-para-prf-diz-bolsonaro\" target=\"_blank\" rel=\"noreferrer noopener\">&nbsp;abrir mais 2 mil vagas&nbsp;<\/a>para a PRF entre o final deste ano e o in\u00edcio do ano que vem.<\/p>\n\n\n\n<p>Mais tarde, Bolsonaro foi para S\u00e3o Paulo onde gravou a&nbsp;<em>live<\/em>&nbsp;que ele&nbsp;<a href=\"https:\/\/agenciabrasil.ebc.com.br\/geral\/noticia\/2020-09\/salles-falta-de-manejo-preventivo-potencializou-queimadas-no-pantanal\" target=\"_blank\" rel=\"noreferrer noopener\">tradicionalmente realiza nas quintas-feiras<\/a>. Nesta noite, a transmiss\u00e3o teve a participa\u00e7\u00e3o do ministro do Meio Ambiente, Ricardo Salles, e tratou, entre outros temas, das queimadas no Pantanal.<\/p>\n\n\n\n<p>Por Ag\u00eancia Brasil &#8211; Bras\u00edlia<\/p>\n\n\n\n<p>Edi\u00e7\u00e3o: F\u00e1bio Massalli<\/p>\n","protected":false},"excerpt":{"rendered":"<p>Presidente vai retirar um c\u00e1lculo na bexiga O presidente Jair Bolsonaro far\u00e1, amanh\u00e3 (25), uma<\/p>\n","protected":false},"author":2,"featured_media":1222,"comment_status":"open","ping_status":"open","sticky":false,"template":"","format":"standard","meta":{"footnotes":""},"categories":[17],"tags":[],"class_list":["post-1221","post","type-post","status-publish","format-standard","has-post-thumbnail","hentry","category-outras-noticias"],"_links":{"self":[{"href":"https:\/\/tvc16.com\/portal\/wp-json\/wp\/v2\/posts\/1221","targetHints":{"allow":["GET"]}}],"collection":[{"href":"https:\/\/tvc16.com\/portal\/wp-json\/wp\/v2\/posts"}],"about":[{"href":"https:\/\/tvc16.com\/portal\/wp-json\/wp\/v2\/types\/post"}],"author":[{"embeddable":true,"href":"https:\/\/tvc16.com\/portal\/wp-json\/wp\/v2\/users\/2"}],"replies":[{"embeddable":true,"href":"https:\/\/tvc16.com\/portal\/wp-json\/wp\/v2\/comments?post=1221"}],"version-history":[{"count":1,"href":"https:\/\/tvc16.com\/portal\/wp-json\/wp\/v2\/posts\/1221\/revisions"}],"predecessor-version":[{"id":1223,"href":"https:\/\/tvc16.com\/portal\/wp-json\/wp\/v2\/posts\/1221\/revisions\/1223"}],"wp:featuredmedia":[{"embeddable":true,"href":"https:\/\/tvc16.com\/portal\/wp-json\/wp\/v2\/media\/1222"}],"wp:attachment":[{"href":"https:\/\/tvc16.com\/portal\/wp-json\/wp\/v2\/media?parent=1221"}],"wp:term":[{"taxonomy":"category","embeddable":true,"href":"https:\/\/tvc16.com\/portal\/wp-json\/wp\/v2\/categories?post=1221"},{"taxonomy":"post_tag","embeddable":true,"href":"https:\/\/tvc16.com\/portal\/wp-json\/wp\/v2\/tags?post=1221"}],"curies":[{"name":"wp","href":"https:\/\/api.w.org\/{rel}","templated":true}]}}