{"id":12211,"date":"2021-04-01T17:13:18","date_gmt":"2021-04-01T20:13:18","guid":{"rendered":"https:\/\/tvc16.com\/portal\/?p=12211"},"modified":"2021-04-01T17:13:22","modified_gmt":"2021-04-01T20:13:22","slug":"operacao-choque-de-ordem-70-comerciantes-intimados-e-30-multados-desde-terca-feira","status":"publish","type":"post","link":"https:\/\/tvc16.com\/portal\/2021\/04\/01\/operacao-choque-de-ordem-70-comerciantes-intimados-e-30-multados-desde-terca-feira\/","title":{"rendered":"Opera\u00e7\u00e3o Choque de Ordem: 70 comerciantes intimados e 30 multados desde ter\u00e7a-feira"},"content":{"rendered":"\n<p>A Opera\u00e7\u00e3o Choque de Ordem j\u00e1 intimou 70 comerciantes e multou mais 30 desde a \u00faltima ter\u00e7a-feira (30\/03), dia em que come\u00e7aram a valer as medidas mais restritivas em Petr\u00f3polis. Tamb\u00e9m foram feitas 16 apreens\u00f5es, duas interdi\u00e7\u00f5es e uma notifica\u00e7\u00e3o. Na manh\u00e3 desta quinta-feira (01\/04), outros seis estabelecimentos &#8211; sendo tr\u00eas no Bela Vista, dois no Alcobacinha e um no Centro &#8211; fecharam as portas a pedido dos fiscais da prefeitura.<\/p>\n\n\n\n<p>&#8220;\u00c9 um trabalho di\u00e1rio e que a gente sempre pede para que os comerciantes respeitem os decretos. Al\u00e9m de fiscalizar, o objetivo tamb\u00e9m \u00e9 conscientizar as pessoas. Se cada um fizer seu papel, vamos conseguir reverter o quadro, que hoje, \u00e9 bastante preocupante\u201d, explica a secret\u00e1ria de Servi\u00e7os, Seguran\u00e7a e Ordem P\u00fablica, Karina Bronzo.<\/p>\n\n\n\n<p>As a\u00e7\u00f5es das for\u00e7as de seguran\u00e7a e dos \u00f3rg\u00e3os de fiscaliza\u00e7\u00e3o da prefeitura v\u00e3o permanecer nos bairros e nos distritos da cidade para que haja o estrito cumprimento do decreto durante sua vig\u00eancia. \u201cN\u00e3o adianta o comerciante descumprir as regras. O munic\u00edpio est\u00e1 amparado legalmente\u201d, a secret\u00e1rio, dizendo que ainda que existe a possibilidade de o estabelecimento ser interditado.<\/p>\n\n\n\n<p>As medidas foram necess\u00e1rias para tentar conter os casos de covid-19 na cidade. At\u00e9 a noite de ontem (31\/03), Petr\u00f3polis j\u00e1 registrava a morte de 693 pessoas. A ocupa\u00e7\u00e3o de leitos cl\u00ednicos pelo SUS \u00e9 de 86,44% e 95,54% em leitos de UTI. \u00c9 poss\u00edvel acompanhar a evolu\u00e7\u00e3o dos casos no portal da transpar\u00eancia do coronav\u00edrus, no site da prefeitura (www.petropolis.rj.gov.br).<\/p>\n\n\n\n<p>\u201cA equipe de fiscaliza\u00e7\u00e3o pede a compreens\u00e3o dos propriet\u00e1rios e clientes, j\u00e1 que o fechamento das lojas ser\u00e1 mantido conforme o decreto municipal. Precisamos juntos reduzir o grau de contamina\u00e7\u00e3o pelo v\u00edrus\u201d, explicou Hailton Lima, chefe da Divis\u00e3o de Fiscaliza\u00e7\u00e3o de Posturas da SSOP.<\/p>\n","protected":false},"excerpt":{"rendered":"<p>A Opera\u00e7\u00e3o Choque de Ordem j\u00e1 intimou 70 comerciantes e multou mais 30 desde a<\/p>\n","protected":false},"author":2,"featured_media":12212,"comment_status":"open","ping_status":"open","sticky":false,"template":"","format":"standard","meta":{"footnotes":""},"categories":[12],"tags":[],"class_list":["post-12211","post","type-post","status-publish","format-standard","has-post-thumbnail","hentry","category-cidade"],"_links":{"self":[{"href":"https:\/\/tvc16.com\/portal\/wp-json\/wp\/v2\/posts\/12211","targetHints":{"allow":["GET"]}}],"collection":[{"href":"https:\/\/tvc16.com\/portal\/wp-json\/wp\/v2\/posts"}],"about":[{"href":"https:\/\/tvc16.com\/portal\/wp-json\/wp\/v2\/types\/post"}],"author":[{"embeddable":true,"href":"https:\/\/tvc16.com\/portal\/wp-json\/wp\/v2\/users\/2"}],"replies":[{"embeddable":true,"href":"https:\/\/tvc16.com\/portal\/wp-json\/wp\/v2\/comments?post=12211"}],"version-history":[{"count":1,"href":"https:\/\/tvc16.com\/portal\/wp-json\/wp\/v2\/posts\/12211\/revisions"}],"predecessor-version":[{"id":12213,"href":"https:\/\/tvc16.com\/portal\/wp-json\/wp\/v2\/posts\/12211\/revisions\/12213"}],"wp:featuredmedia":[{"embeddable":true,"href":"https:\/\/tvc16.com\/portal\/wp-json\/wp\/v2\/media\/12212"}],"wp:attachment":[{"href":"https:\/\/tvc16.com\/portal\/wp-json\/wp\/v2\/media?parent=12211"}],"wp:term":[{"taxonomy":"category","embeddable":true,"href":"https:\/\/tvc16.com\/portal\/wp-json\/wp\/v2\/categories?post=12211"},{"taxonomy":"post_tag","embeddable":true,"href":"https:\/\/tvc16.com\/portal\/wp-json\/wp\/v2\/tags?post=12211"}],"curies":[{"name":"wp","href":"https:\/\/api.w.org\/{rel}","templated":true}]}}