{"id":12214,"date":"2021-04-01T17:15:35","date_gmt":"2021-04-01T20:15:35","guid":{"rendered":"https:\/\/tvc16.com\/portal\/?p=12214"},"modified":"2021-04-01T17:15:38","modified_gmt":"2021-04-01T20:15:38","slug":"novo-auxilio-emergencial-trabalhador-sabera-se-tem-direito-amanha","status":"publish","type":"post","link":"https:\/\/tvc16.com\/portal\/2021\/04\/01\/novo-auxilio-emergencial-trabalhador-sabera-se-tem-direito-amanha\/","title":{"rendered":"Novo aux\u00edlio emergencial: trabalhador saber\u00e1 se tem direito amanh\u00e3"},"content":{"rendered":"\n<h3 class=\"wp-block-heading\">Consulta ser\u00e1 feita no site da Dataprev<\/h3>\n\n\n\n<ul class=\"wp-block-list\"><li>Por Karine Melo &#8211; Rep\u00f3rter da Ag\u00eancia Brasil &#8211; Bras\u00edlia<\/li><\/ul>\n\n\n\n<p>Trabalhadores poder\u00e3o saber se foram inclu\u00eddos no aux\u00edlio emergencial 2021 a partir de amanh\u00e3 (2). Inicialmente prometida para hoje, a consulta teve de ser adiada &#8220;em fun\u00e7\u00e3o da necessidade de alinhamento dos canais de atendimento dos tr\u00eas \u00f3rg\u00e3os diretamente envolvidos no programa &#8211; Minist\u00e9rio da Cidadania, Dataprev e Caixa&#8221;, explicou a Dataprev, em nota.<img decoding=\"async\" src=\"https:\/\/agenciabrasil.ebc.com.br\/ebc.png?id=1405645&amp;o=node\"><img decoding=\"async\" src=\"https:\/\/agenciabrasil.ebc.com.br\/ebc.gif?id=1405645&amp;o=node\"><\/p>\n\n\n\n<h2 class=\"wp-block-heading\">Consulta<\/h2>\n\n\n\n<p>A consulta poder\u00e1 ser feita pelo&nbsp;<a href=\"https:\/\/consultaauxilio.cidadania.gov.br\/consulta\/\" target=\"_blank\" rel=\"noreferrer noopener\">Portal de Consultas da Dataprev<\/a>. Para isso, o cidad\u00e3o dever\u00e1 informar CPF, nome completo, nome da m\u00e3e e data de nascimento.<\/p>\n\n\n\n<p>Quem j\u00e1 recebe o Bolsa Fam\u00edlia e inscritos no Cad\u00danico n\u00e3o estar\u00e3o na lista da Dataprev j\u00e1 que, nesses casos, as parcelas ser\u00e3o depositadas automaticamente &#8211; desde que o benefici\u00e1rio se encaixe nos crit\u00e9rios de elegibilidade do aux\u00edlio.<\/p>\n\n\n\n<h2 class=\"wp-block-heading\">Dep\u00f3sitos<\/h2>\n\n\n\n<p>Segundo calend\u00e1rio divulgado pela Caixa, os pagamentos come\u00e7am no dia 6 de abril para os trabalhadores que fazem parte do Cadastro \u00danico e para os que se inscreveram por meio do site e do aplicativo Caixa Tem. Os dep\u00f3sitos ser\u00e3o feitos na conta poupan\u00e7a digital da Caixa, acessada pelo aplicativo Caixa Tem. O benefici\u00e1rio do aux\u00edlio emergencial ter\u00e1 direito, primeiramente, \u00e0 movimenta\u00e7\u00e3o digital e, posteriormente, aos saques.<\/p>\n\n\n\n<p>Para os benefici\u00e1rios do Bolsa Fam\u00edlia, os pagamentos come\u00e7am em 16 de abril e seguir\u00e3o o calend\u00e1rio de pagamento do benef\u00edcio.<\/p>\n\n\n\n<h2 class=\"wp-block-heading\">N\u00fameros<\/h2>\n\n\n\n<p>Em 2021, ser\u00e3o pagos R$ 43 bilh\u00f5es a 45,6 milh\u00f5es de brasileiros que atendem aos requisitos exigidos. Do montante, R$ 23,4 bilh\u00f5es ser\u00e3o destinados ao p\u00fablico j\u00e1 inscrito em plataformas digitais da Caixa (28,6 milh\u00f5es de benefici\u00e1rios), R$ 6,5 bilh\u00f5es para integrantes do Cadastro \u00danico do Governo Federal (6,3 milh\u00f5es) e mais R$ 12,7 bilh\u00f5es para atendidos pelo Programa Bolsa Fam\u00edlia (10,6 milh\u00f5es).<\/p>\n\n\n\n<h2 class=\"wp-block-heading\">Crit\u00e9rios<\/h2>\n\n\n\n<p>Para conceder as quatro parcelas do aux\u00edlio emergencial este ano o governo definiu novas faixas de pagamento:<\/p>\n\n\n\n<p>&#8211; Mulheres chefes de fam\u00edlia: R$ 375<\/p>\n\n\n\n<p>&#8211; Fam\u00edlias com duas ou mais pessoas, exceto aquelas com m\u00e3es chefes de fam\u00edlia: R$ 250<\/p>\n\n\n\n<p>&#8211; Aux\u00edlio para pessoas que moram sozinhas: R$ 150<\/p>\n\n\n\n<h2 class=\"wp-block-heading\">Podem receber<\/h2>\n\n\n\n<p>&#8211; Fam\u00edlias com renda per capita de at\u00e9 meio sal\u00e1rio m\u00ednimo (R$ 550) e renda mensal total de at\u00e9 tr\u00eas sal\u00e1rios m\u00ednimos (R$ 3.300);<\/p>\n\n\n\n<p>&#8211; P\u00fablico do Bolsa Fam\u00edlia poder\u00e1 escolher o valor mais vantajoso entre os benef\u00edcios e receber somente um deles.<\/p>\n\n\n\n<p>&#8211; Trabalhadores informais;<\/p>\n\n\n\n<p>&#8211; Desempregados;<\/p>\n\n\n\n<p>&#8211; Microempreendedor Individual (MEI).<\/p>\n\n\n\n<h2 class=\"wp-block-heading\">N\u00e3o podem receber o aux\u00edlio<\/h2>\n\n\n\n<p>&#8211; Trabalhadores com carteira assinada e servidores p\u00fablicos;<\/p>\n\n\n\n<p>&#8211; Pessoas que n\u00e3o movimentaram os valores do aux\u00edlio emergencial e sua extens\u00e3o em 2020;<\/p>\n\n\n\n<p>&#8211; Quem estiver com o aux\u00edlio do ano passado cancelado;<\/p>\n\n\n\n<p>&#8211; Cidad\u00e3os que recebem benef\u00edcio previdenci\u00e1rio, assistencial ou trabalhista ou de programa de transfer\u00eancia de renda federal, com exce\u00e7\u00e3o do Bolsa Fam\u00edlia e do Pis\/Pasep;<\/p>\n\n\n\n<p>&#8211; M\u00e9dicos e multiprofissionais;<\/p>\n\n\n\n<p>&#8211; Benefici\u00e1rios de bolsas de estudo e estagi\u00e1rios e similares;<\/p>\n\n\n\n<p>&#8211; Quem teve rendimentos tribut\u00e1veis acima de R$ 28.559,70 em 2019 ou tinha, em 31 de dezembro daquele ano, a posse ou a propriedade de bens ou direitos, inclusive terra nua, de valor total superior a R$ 300 mil;<\/p>\n\n\n\n<p>&#8211; Cidad\u00e3os com menos de 18 anos, exceto m\u00e3es adolescentes.<\/p>\n\n\n\n<p>&#8211; Quem estiver no sistema carcer\u00e1rio em regime fechado ou tenha seu CPF vinculado, como instituidor, \u00e0 concess\u00e3o de aux\u00edlio-reclus\u00e3o.<\/p>\n\n\n\n<p>Edi\u00e7\u00e3o: L\u00edlian Beraldo<\/p>\n\n\n\n<p><\/p>\n","protected":false},"excerpt":{"rendered":"<p>Consulta ser\u00e1 feita no site da Dataprev Por Karine Melo &#8211; Rep\u00f3rter da Ag\u00eancia Brasil<\/p>\n","protected":false},"author":2,"featured_media":12215,"comment_status":"open","ping_status":"open","sticky":false,"template":"","format":"standard","meta":{"footnotes":""},"categories":[17],"tags":[],"class_list":["post-12214","post","type-post","status-publish","format-standard","has-post-thumbnail","hentry","category-outras-noticias"],"_links":{"self":[{"href":"https:\/\/tvc16.com\/portal\/wp-json\/wp\/v2\/posts\/12214","targetHints":{"allow":["GET"]}}],"collection":[{"href":"https:\/\/tvc16.com\/portal\/wp-json\/wp\/v2\/posts"}],"about":[{"href":"https:\/\/tvc16.com\/portal\/wp-json\/wp\/v2\/types\/post"}],"author":[{"embeddable":true,"href":"https:\/\/tvc16.com\/portal\/wp-json\/wp\/v2\/users\/2"}],"replies":[{"embeddable":true,"href":"https:\/\/tvc16.com\/portal\/wp-json\/wp\/v2\/comments?post=12214"}],"version-history":[{"count":1,"href":"https:\/\/tvc16.com\/portal\/wp-json\/wp\/v2\/posts\/12214\/revisions"}],"predecessor-version":[{"id":12216,"href":"https:\/\/tvc16.com\/portal\/wp-json\/wp\/v2\/posts\/12214\/revisions\/12216"}],"wp:featuredmedia":[{"embeddable":true,"href":"https:\/\/tvc16.com\/portal\/wp-json\/wp\/v2\/media\/12215"}],"wp:attachment":[{"href":"https:\/\/tvc16.com\/portal\/wp-json\/wp\/v2\/media?parent=12214"}],"wp:term":[{"taxonomy":"category","embeddable":true,"href":"https:\/\/tvc16.com\/portal\/wp-json\/wp\/v2\/categories?post=12214"},{"taxonomy":"post_tag","embeddable":true,"href":"https:\/\/tvc16.com\/portal\/wp-json\/wp\/v2\/tags?post=12214"}],"curies":[{"name":"wp","href":"https:\/\/api.w.org\/{rel}","templated":true}]}}