{"id":12229,"date":"2021-04-02T10:01:23","date_gmt":"2021-04-02T13:01:23","guid":{"rendered":"https:\/\/tvc16.com\/portal\/?p=12229"},"modified":"2021-04-02T10:01:25","modified_gmt":"2021-04-02T13:01:25","slug":"nova-iguacu-vai-inaugurar-mais-dois-locais-de-vacinacao-contra-covid-19-nesta-sexta-feira-02","status":"publish","type":"post","link":"https:\/\/tvc16.com\/portal\/2021\/04\/02\/nova-iguacu-vai-inaugurar-mais-dois-locais-de-vacinacao-contra-covid-19-nesta-sexta-feira-02\/","title":{"rendered":"Nova Igua\u00e7u vai inaugurar mais dois locais de vacina\u00e7\u00e3o contra COVID-19 nesta sexta-feira (02)"},"content":{"rendered":"\n<p>Um ser\u00e1 no Centro de Acolhimento ao Deficiente (CAD), no bairro Monte L\u00edbano, e o outro, no sistema Drive Thru, no Posto de Vistoria do Detran, no Bairro Botafogo.\u00a0<\/p>\n\n\n\n<p>Nesta sexta (2) ser\u00e3o vacinadas, em todo o munic\u00edpio, as mulheres com 69 anos e as profissionais de sa\u00fade com idade igual ou acima de 35 anos, enquanto os homens destas faixas et\u00e1rias ser\u00e3o vacinados no s\u00e1bado (3). Entre os profissionais, podem ser imunizados m\u00e9dicos, enfermeiros, nutricionistas, profissionais de educa\u00e7\u00e3o f\u00edsica, fisioterapeutas, terapeutas ocupacionais, bi\u00f3logos, biom\u00e9dicos, farmac\u00eauticos, odont\u00f3logos, fonoaudi\u00f3logos, psic\u00f3logos, assistentes sociais, m\u00e9dicos veterin\u00e1rios, t\u00e9cnicos de laborat\u00f3rio, t\u00e9cnicos de enfermagem, t\u00e9cnicos de radiologia e t\u00e9cnicos de higiene bucal.<\/p>\n\n\n\n<p>A aplica\u00e7\u00e3o de segunda dose do imunizante tamb\u00e9m ser\u00e1 realizada. Ser\u00e3o esperados os profissionais de sa\u00fade e os idosos maiores de 75 anos vacinados at\u00e9 o dia 19 de mar\u00e7o. \u00c9 importante ressaltar que apenas aqueles que tomaram a CoronaVac ir\u00e3o receber a segunda dose neste momento, visto que o intervalo entre a primeira e segunda dose \u00e9 de 14 a 28 dias. Quem tiver com o prazo da segunda aplica\u00e7\u00e3o ultrapassado, tamb\u00e9m poder\u00e1 comparecer para garantir a completa imuniza\u00e7\u00e3o.<\/p>\n\n\n\n<p>Para ser vacinado, \u00e9 preciso apresentar carteira de identidade, CPF, Cart\u00e3o do SUS, comprovante de resid\u00eancia e carteira do Conselho profissional ativa, no caso dos profissionais de sa\u00fade. O hor\u00e1rio de funcionamento da campanha \u00e9 das 8h30 \u00e0s 16h, com exce\u00e7\u00e3o do s\u00e1bado, quando o encerramento ser\u00e1 \u00e0s 14h.<\/p>\n\n\n\n<p>At\u00e9 esta quarta-feira (31), j\u00e1 tinham sido aplicadas 64.208 doses, 51.632 da primeira dose e 12.576 da segunda. Ao todo, Nova Igua\u00e7u tem 17 pontos de vacina\u00e7\u00e3o, com hor\u00e1rio de funcionamento de segunda a sexta-feira, das 8h30 \u00e0s 16h.<br><\/p>\n\n\n\n<p><strong>Confira os endere\u00e7os dos locais de vacina\u00e7\u00e3o:<\/strong><strong><br><\/strong><\/p>\n\n\n\n<p><strong>DRIVE THRU \u2013 CENTRO OL\u00cdMPICO DE NOVA IGUA\u00c7U<\/strong><\/p>\n\n\n\n<p>Avenida Governador Roberto da Silveira, 1725, Centro.<\/p>\n\n\n\n<p>Refer\u00eancia: Pr\u00f3ximo ao Viaduto da Posse.<\/p>\n\n\n\n<p><strong>DRIVE THRU \u2013 SHOPPING NOVA IGUA\u00c7U<\/strong><\/p>\n\n\n\n<p>Av. Ab\u00edlio Augusto T\u00e1vora, 1111 \u2013 Bairro da Luz<br><br><strong>DRIVE THRU \u2013 POSTO DE VISTORIA DO DETRAN&nbsp;<\/strong><\/p>\n\n\n\n<p>Estrada de Santa Rita, s\/n &#8211; Bairro Botafogo.<br><\/p>\n\n\n\n<p><strong>ESPA\u00c7O MUNICIPAL DA TERCEIRA IDADE DE NOVA IGUA\u00c7U (ESMUTI)<\/strong><\/p>\n\n\n\n<p>Avenida Lu\u00eds de Matos, 736 \u2013 Bairro da Luz.<br><br><strong>CENTRO DE ATENDIMENTO AO DEFICIENTE (CAD)<\/strong><\/p>\n\n\n\n<p>&nbsp;R. Profa. Helena Antilof, 704 &#8211; Monte L\u00edbano<br>Refer\u00eancia: Ao lado da escola CAIESP.<br><\/p>\n\n\n\n<p><strong>CL\u00cdNICA DA FAM\u00cdLIA JARDIM PARAISO<\/strong><\/p>\n\n\n\n<p>Rua Ing\u00e1 s\/n\u00ba \u2013 Jardim Para\u00edso<\/p>\n\n\n\n<p>Refer\u00eancia: UPA 24 Horas Arquiteta Patr\u00edcia Marinho<\/p>\n\n\n\n<p><strong>CL\u00cdNICA DA FAM\u00cdLIA DE VILA DE CAVA<\/strong><\/p>\n\n\n\n<p>Rua Alvaro Gon\u00e7alves, 103 \u2013 Vila de Cava<\/p>\n\n\n\n<p>Refer\u00eancia: UPA 24 Horas Gisele Palhares Gouv\u00eaa<\/p>\n\n\n\n<p><strong>POLICL\u00cdNICA DE MIGUEL COUTO<\/strong><\/p>\n\n\n\n<p>Rua Digomar Sim\u00f5es e Souza, 50 \u2013 Miguel Couto<\/p>\n\n\n\n<p>Refer\u00eancia: UPA 24 Horas Carlinhos da Tingu\u00e1 \u2013 Miguel Couto<\/p>\n\n\n\n<p><br><strong>CL\u00cdNICA DA FAM\u00cdLIA DE AUSTIN<\/strong><\/p>\n\n\n\n<p>Rua Coronel Monteiro de Barros, 783 \u2013 Austin<\/p>\n\n\n\n<p>Refer\u00eancia: UPS 24 Horas Dr. Moacyr de Carvalho \u2013 Austin<\/p>\n\n\n\n<p><strong>CLINICA DA FAMILIA ODICEIA MORAIS<\/strong><\/p>\n\n\n\n<p>Rua Bol\u00edvia, s\/n\u00ba \u2013 Centro<\/p>\n\n\n\n<p><strong>CLINICA DA FAMILIA EMILIA GOMES<\/strong><\/p>\n\n\n\n<p>Rua dos Quart\u00e9is, 221 \u2013 Comendador Soares<\/p>\n\n\n\n<p>Refer\u00eancia: UPA 24 Horas Comendador Soares \u2013 Comendador Soares<\/p>\n\n\n\n<p><strong>CL\u00cdNICA DA FAM\u00cdLIA DOM BOSCO<\/strong><\/p>\n\n\n\n<p>Avenida Ab\u00edlio Augusto T\u00e1vora s\/n\u00b0 \u2013 Bairro Dom Bosco<\/p>\n\n\n\n<p><strong>CL\u00cdNICA DA FAM\u00cdLIA VILA OPER\u00c1RIA<\/strong><\/p>\n\n\n\n<p>Rua Nair Dias, 880 \u2013 Vila Oper\u00e1ria.<\/p>\n\n\n\n<p><strong>UNIDADE DE SA\u00daDE DA FAM\u00cdLIA RANCHO FUNDO<\/strong><\/p>\n\n\n\n<p>Rua das Rosas, 100 \u2013 Rancho Fundo<\/p>\n\n\n\n<p><strong>CL\u00cdNICA DA FAM\u00cdLIA MARFEL<\/strong><\/p>\n\n\n\n<p>Rua \u00c1urea Ramos Borges, 110 \u2013 Palhada<\/p>\n\n\n\n<p><strong>CL\u00cdNICA DA FAM\u00cdLIA DO CAI\u00c7ARA<\/strong><\/p>\n\n\n\n<p>Rua Oiticica, s\/n\u00b0 \u2013 Carmari<\/p>\n\n\n\n<p><strong>CL\u00cdNICA DA FAM\u00cdLIA DO AMBAI<\/strong><\/p>\n\n\n\n<p>Avenida Henrique Duque Estrada, 3.357 \u2013 Ambai<\/p>\n","protected":false},"excerpt":{"rendered":"<p>Um ser\u00e1 no Centro de Acolhimento ao Deficiente (CAD), no bairro Monte L\u00edbano, e o<\/p>\n","protected":false},"author":2,"featured_media":12243,"comment_status":"open","ping_status":"open","sticky":false,"template":"","format":"standard","meta":{"footnotes":""},"categories":[17],"tags":[],"class_list":["post-12229","post","type-post","status-publish","format-standard","has-post-thumbnail","hentry","category-outras-noticias"],"_links":{"self":[{"href":"https:\/\/tvc16.com\/portal\/wp-json\/wp\/v2\/posts\/12229","targetHints":{"allow":["GET"]}}],"collection":[{"href":"https:\/\/tvc16.com\/portal\/wp-json\/wp\/v2\/posts"}],"about":[{"href":"https:\/\/tvc16.com\/portal\/wp-json\/wp\/v2\/types\/post"}],"author":[{"embeddable":true,"href":"https:\/\/tvc16.com\/portal\/wp-json\/wp\/v2\/users\/2"}],"replies":[{"embeddable":true,"href":"https:\/\/tvc16.com\/portal\/wp-json\/wp\/v2\/comments?post=12229"}],"version-history":[{"count":1,"href":"https:\/\/tvc16.com\/portal\/wp-json\/wp\/v2\/posts\/12229\/revisions"}],"predecessor-version":[{"id":12244,"href":"https:\/\/tvc16.com\/portal\/wp-json\/wp\/v2\/posts\/12229\/revisions\/12244"}],"wp:featuredmedia":[{"embeddable":true,"href":"https:\/\/tvc16.com\/portal\/wp-json\/wp\/v2\/media\/12243"}],"wp:attachment":[{"href":"https:\/\/tvc16.com\/portal\/wp-json\/wp\/v2\/media?parent=12229"}],"wp:term":[{"taxonomy":"category","embeddable":true,"href":"https:\/\/tvc16.com\/portal\/wp-json\/wp\/v2\/categories?post=12229"},{"taxonomy":"post_tag","embeddable":true,"href":"https:\/\/tvc16.com\/portal\/wp-json\/wp\/v2\/tags?post=12229"}],"curies":[{"name":"wp","href":"https:\/\/api.w.org\/{rel}","templated":true}]}}