{"id":12230,"date":"2021-04-02T09:56:23","date_gmt":"2021-04-02T12:56:23","guid":{"rendered":"https:\/\/tvc16.com\/portal\/?p=12230"},"modified":"2021-04-02T09:56:25","modified_gmt":"2021-04-02T12:56:25","slug":"novos-sete-obitos-por-covid-19-sao-registrados-em-petropolis","status":"publish","type":"post","link":"https:\/\/tvc16.com\/portal\/2021\/04\/02\/novos-sete-obitos-por-covid-19-sao-registrados-em-petropolis\/","title":{"rendered":"Novos sete \u00f3bitos por covid-19 s\u00e3o registrados em Petr\u00f3polis"},"content":{"rendered":"\n<p>O boletim epidemiol\u00f3gico da Secretaria de Sa\u00fade de quinta-feira (01) mostrou que Petr\u00f3polis fez, at\u00e9 agora, 131.442 testes para Covid-19, com 25.041 resultados positivos e 101.900 negativos (levando em considera\u00e7\u00e3o testes r\u00e1pidos e Swab). Sete novos \u00f3bitos foram registrados.<\/p>\n\n\n\n<p>Neste momento, 159 pessoas est\u00e3o internadas em leitos de UTI privados e pelo SUS. Outras 215 est\u00e3o em leitos cl\u00ednicos, considerando leitos privados e SUS, totalizando assim, 374 interna\u00e7\u00f5es em toda a rede da cidade. A ocupa\u00e7\u00e3o de leitos cl\u00ednicos pelo SUS \u00e9 de 93,13% e 97,37% em leitos de UTI.<\/p>\n\n\n\n<p>A Secretaria de Sa\u00fade esclarece que o n\u00famero de \u00f3bitos, hoje em 700, \u00e9 atualizado nos boletins apenas ap\u00f3s o registro do atestado de \u00f3bito e do resultado do exame do paciente no sistema da Vigil\u00e2ncia Epidemiol\u00f3gica, o que \u00e9 feito por equipe administrativa. Trata-se de medida de seguran\u00e7a para evitar erro na informa\u00e7\u00e3o divulgada pela Secretaria de Sa\u00fade.<\/p>\n\n\n\n<p>A Secretaria acrescenta, ainda, que trabalha na atualiza\u00e7\u00e3o de dados de notifica\u00e7\u00f5es e casos em an\u00e1lise no sistema, inserindo ainda dados n\u00e3o lan\u00e7ados no fim do ano passado. \u00c9 poss\u00edvel acompanhar a evolu\u00e7\u00e3o dos casos no portal da transpar\u00eancia do coronav\u00edrus, no site da Prefeitura (www.petropolis.rj.gov.br)<\/p>\n\n\n\n<p>\u00d3bitos registrados:<\/p>\n\n\n\n<p>Homem, 65 anos, morador no Cascatinha. Internado em 13\/03 no SMH. \u00d3bito registrado em 26\/03. Paciente com diabete e hipertens\u00e3o arterial.<br>Homem, 67 anos, morador no Floresta. Internado em 24\/03 no HNSA. \u00d3bito registrado em 27\/03. Paciente com hipertens\u00e3o arterial.<\/p>\n\n\n\n<p><br>Homem, 71 anos, morador na Castel\u00e2nea. Internado em 25\/03 no PSLS e transferido para o HNSA. \u00d3bito registrado em 28\/03. Paciente com insufici\u00eancia card\u00edaca congestiva.<\/p>\n\n\n\n<p><br>Homem, 80 anos, morador no Carangola. Internado em 10\/03 na UPA Cascatinha e transferido para o HCC. \u00d3bito registrado em 28\/03. Paciente com doen\u00e7a card\u00edaca cr\u00f4nica, diabete e Alzheimer.<\/p>\n\n\n\n<p>Homem, 61 anos, morador em Itaipava. Internado em 24\/03 na UPA Cascatinha e transferido para o HCC. \u00d3bito registrado em 29\/03. Paciente com hipertens\u00e3o arterial e diabete.<\/p>\n\n\n\n<p><br>Homem, 73 anos, morador no Lajinha. Internado em 21\/03 na UPA Cascatinha e transferido para o HCC. \u00d3bito registrado em 30\/03. Paciente com doen\u00e7a pulmonar obstrutiva cr\u00f4nica.<\/p>\n\n\n\n<p>Homem, 76 anos, morador no Caxambu. Internado em 23\/03 no Hospital Unimed. \u00d3bito registrado em 31\/03. Paciente com doen\u00e7a card\u00edaca cr\u00f4nica, diabete e Alzheimer.<\/p>\n","protected":false},"excerpt":{"rendered":"<p>O boletim epidemiol\u00f3gico da Secretaria de Sa\u00fade de quinta-feira (01) mostrou que Petr\u00f3polis fez, at\u00e9<\/p>\n","protected":false},"author":2,"featured_media":12231,"comment_status":"open","ping_status":"open","sticky":false,"template":"","format":"standard","meta":{"footnotes":""},"categories":[12],"tags":[],"class_list":["post-12230","post","type-post","status-publish","format-standard","has-post-thumbnail","hentry","category-cidade"],"_links":{"self":[{"href":"https:\/\/tvc16.com\/portal\/wp-json\/wp\/v2\/posts\/12230","targetHints":{"allow":["GET"]}}],"collection":[{"href":"https:\/\/tvc16.com\/portal\/wp-json\/wp\/v2\/posts"}],"about":[{"href":"https:\/\/tvc16.com\/portal\/wp-json\/wp\/v2\/types\/post"}],"author":[{"embeddable":true,"href":"https:\/\/tvc16.com\/portal\/wp-json\/wp\/v2\/users\/2"}],"replies":[{"embeddable":true,"href":"https:\/\/tvc16.com\/portal\/wp-json\/wp\/v2\/comments?post=12230"}],"version-history":[{"count":1,"href":"https:\/\/tvc16.com\/portal\/wp-json\/wp\/v2\/posts\/12230\/revisions"}],"predecessor-version":[{"id":12232,"href":"https:\/\/tvc16.com\/portal\/wp-json\/wp\/v2\/posts\/12230\/revisions\/12232"}],"wp:featuredmedia":[{"embeddable":true,"href":"https:\/\/tvc16.com\/portal\/wp-json\/wp\/v2\/media\/12231"}],"wp:attachment":[{"href":"https:\/\/tvc16.com\/portal\/wp-json\/wp\/v2\/media?parent=12230"}],"wp:term":[{"taxonomy":"category","embeddable":true,"href":"https:\/\/tvc16.com\/portal\/wp-json\/wp\/v2\/categories?post=12230"},{"taxonomy":"post_tag","embeddable":true,"href":"https:\/\/tvc16.com\/portal\/wp-json\/wp\/v2\/tags?post=12230"}],"curies":[{"name":"wp","href":"https:\/\/api.w.org\/{rel}","templated":true}]}}