{"id":12237,"date":"2021-04-02T09:59:35","date_gmt":"2021-04-02T12:59:35","guid":{"rendered":"https:\/\/tvc16.com\/portal\/?p=12237"},"modified":"2021-04-02T09:59:37","modified_gmt":"2021-04-02T12:59:37","slug":"prefeitura-adia-retomada-das-aulas-presenciais-em-petropolis","status":"publish","type":"post","link":"https:\/\/tvc16.com\/portal\/2021\/04\/02\/prefeitura-adia-retomada-das-aulas-presenciais-em-petropolis\/","title":{"rendered":"Prefeitura adia retomada das aulas presenciais em Petr\u00f3polis"},"content":{"rendered":"\n<p>Novo decreto municipal prev\u00ea volta gradual a partir de 3 de maio<\/p>\n\n\n\n<p>O governo municipal publicar\u00e1 um novo decreto adiando a retomada das aulas presenciais, de forma h\u00edbrida, em escolas p\u00fablicas, particulares e universidades de Petr\u00f3polis. A nova regra suspende, em parte, algumas medidas definidas no final de janeiro, que previam essa retomada para a pr\u00f3xima segunda-feira (5). No novo documento, a retomada fica adiada para 3 de maio, observadas as orienta\u00e7\u00f5es sanit\u00e1rias da Secretaria de Sa\u00fade.<\/p>\n\n\n\n<p><br>O tema vem sendo debatido desde o in\u00edcio do ano. O adiamento, entretanto, se fez necess\u00e1rio no momento em que novas medidas est\u00e3o sendo tomadas pelo governo com o objetivo de conter o avan\u00e7o da contamina\u00e7\u00e3o pelo Covid-19 na cidade. O decreto prev\u00ea a retomada gradual das aulas presenciais das redes de ensino, da Educa\u00e7\u00e3o B\u00e1sica, p\u00fablica e privada, observado o monitoramento do quadro epidemiol\u00f3gico.<\/p>\n\n\n\n<p><br>Segundo a Secret\u00e1ria de Educa\u00e7\u00e3o, M\u00e1rcia Palma, o novo decreto vem refor\u00e7ar a preocupa\u00e7\u00e3o com a sa\u00fade dos alunos, professores, funcion\u00e1rios e seus familiares. \u201cO plano de retomada est\u00e1 pronto, mas com as altera\u00e7\u00f5es temporais que foram necess\u00e1rias diante da situa\u00e7\u00e3o atual\u201d, explicou.<br>Ela frisou ainda que o cronograma de aulas remotas para os cerca de 41 mil estudantes da rede p\u00fablica municipal, atrav\u00e9s da plataforma Educa em Casa, ser\u00e1 mantido.<\/p>\n","protected":false},"excerpt":{"rendered":"<p>Novo decreto municipal prev\u00ea volta gradual a partir de 3 de maio O governo municipal<\/p>\n","protected":false},"author":2,"featured_media":12238,"comment_status":"open","ping_status":"open","sticky":false,"template":"","format":"standard","meta":{"footnotes":""},"categories":[12],"tags":[],"class_list":["post-12237","post","type-post","status-publish","format-standard","has-post-thumbnail","hentry","category-cidade"],"_links":{"self":[{"href":"https:\/\/tvc16.com\/portal\/wp-json\/wp\/v2\/posts\/12237","targetHints":{"allow":["GET"]}}],"collection":[{"href":"https:\/\/tvc16.com\/portal\/wp-json\/wp\/v2\/posts"}],"about":[{"href":"https:\/\/tvc16.com\/portal\/wp-json\/wp\/v2\/types\/post"}],"author":[{"embeddable":true,"href":"https:\/\/tvc16.com\/portal\/wp-json\/wp\/v2\/users\/2"}],"replies":[{"embeddable":true,"href":"https:\/\/tvc16.com\/portal\/wp-json\/wp\/v2\/comments?post=12237"}],"version-history":[{"count":1,"href":"https:\/\/tvc16.com\/portal\/wp-json\/wp\/v2\/posts\/12237\/revisions"}],"predecessor-version":[{"id":12239,"href":"https:\/\/tvc16.com\/portal\/wp-json\/wp\/v2\/posts\/12237\/revisions\/12239"}],"wp:featuredmedia":[{"embeddable":true,"href":"https:\/\/tvc16.com\/portal\/wp-json\/wp\/v2\/media\/12238"}],"wp:attachment":[{"href":"https:\/\/tvc16.com\/portal\/wp-json\/wp\/v2\/media?parent=12237"}],"wp:term":[{"taxonomy":"category","embeddable":true,"href":"https:\/\/tvc16.com\/portal\/wp-json\/wp\/v2\/categories?post=12237"},{"taxonomy":"post_tag","embeddable":true,"href":"https:\/\/tvc16.com\/portal\/wp-json\/wp\/v2\/tags?post=12237"}],"curies":[{"name":"wp","href":"https:\/\/api.w.org\/{rel}","templated":true}]}}