{"id":12245,"date":"2021-04-02T10:04:07","date_gmt":"2021-04-02T13:04:07","guid":{"rendered":"https:\/\/tvc16.com\/portal\/?p=12245"},"modified":"2021-04-02T10:04:08","modified_gmt":"2021-04-02T13:04:08","slug":"centro-pop-auxilia-pessoas-em-situacao-de-rua-na-praca-do-skate","status":"publish","type":"post","link":"https:\/\/tvc16.com\/portal\/2021\/04\/02\/centro-pop-auxilia-pessoas-em-situacao-de-rua-na-praca-do-skate\/","title":{"rendered":"Centro Pop auxilia pessoas em situa\u00e7\u00e3o de rua na Pra\u00e7a do Skate"},"content":{"rendered":"\n<p>As equipes de abordagens de pessoas em situa\u00e7\u00e3o de rua da Secretaria de Assist\u00eancia Social (SAS) tem intensificando as a\u00e7\u00f5es no munic\u00edpio. Esta semana, regi\u00f5es do Centro Hist\u00f3rico est\u00e3o sendo priorizadas, como a Pra\u00e7a Duque de Caxias, conhecida como Pra\u00e7a do Skate. Os atendentes do Centro Pop atuaram junto \u00e0 popula\u00e7\u00e3o vulner\u00e1vel dando orienta\u00e7\u00f5es sobre os servi\u00e7os oferecidos por outros equipamentos da Prefeitura, como o N\u00facleo de Integra\u00e7\u00e3o Social \u2013 NIS e o Consult\u00f3rio de Rua.<\/p>\n\n\n\n<p><br>\u201cO trabalho com a popula\u00e7\u00e3o em situa\u00e7\u00e3o de rua \u00e9 complexo e n\u00e3o se faz isoladamente. Diversos aspectos e atores precisam estar envolvidos para que tenhamos efic\u00e1cia em nossas a\u00e7\u00f5es. S\u00e3o v\u00e1rios os motivos que levam as pessoas a viverem nas ruas. Da\u00ed a necessidade de diversas pol\u00edticas p\u00fablicas atuarem em conjunto com a assist\u00eancia social\u201d, explicou a secret\u00e1ria de Assist\u00eancia Social, Rosane Borsato.<\/p>\n\n\n\n<p><br>A abordagem realizada pelo Centro Pop ocorre diariamente em diversos pontos do munic\u00edpio. Dois funcion\u00e1rios v\u00e3o ao local para conversar com as pessoas em situa\u00e7\u00e3o de rua, com o objetivo de mostr\u00e1-las que o servi\u00e7o p\u00fablico pode ajudar neste momento. S\u00e3o feitos aconselhamentos, encaminhamento aos equipamentos respons\u00e1veis pelo tratamento de primeiros socorros, exames e at\u00e9 auxilio para que, no caso de o indiv\u00edduo n\u00e3o ser morador de Petr\u00f3polis, possa voltar \u00e0 sua cidade de origem onde est\u00e3o seus familiares.<\/p>\n\n\n\n<p><br>O trabalho do Centro Pop \u00e9 reconhecido pelo p\u00fablico mais vulner\u00e1vel na cidade. O ex-militar Jo\u00e3o \u00c9der Santiago, conhecido como \u201cChina\u201d, fez elogios aos profissionais do Centro Pop dizendo que os considera como parte da sua fam\u00edlia. \u201cEles sempre me ajudaram, s\u00e3o como membros da minha pr\u00f3pria fam\u00edlia\u201d, disse ele, que faz uso de outros equipamentos da SAS, como o Restaurante Popular e o NIS (N\u00facleo de Integra\u00e7\u00e3o Social), no bairro Alto da Serra.<\/p>\n\n\n\n<p>Foto: internet<\/p>\n","protected":false},"excerpt":{"rendered":"<p>As equipes de abordagens de pessoas em situa\u00e7\u00e3o de rua da Secretaria de Assist\u00eancia Social<\/p>\n","protected":false},"author":2,"featured_media":12246,"comment_status":"open","ping_status":"open","sticky":false,"template":"","format":"standard","meta":{"footnotes":""},"categories":[12],"tags":[],"class_list":["post-12245","post","type-post","status-publish","format-standard","has-post-thumbnail","hentry","category-cidade"],"_links":{"self":[{"href":"https:\/\/tvc16.com\/portal\/wp-json\/wp\/v2\/posts\/12245","targetHints":{"allow":["GET"]}}],"collection":[{"href":"https:\/\/tvc16.com\/portal\/wp-json\/wp\/v2\/posts"}],"about":[{"href":"https:\/\/tvc16.com\/portal\/wp-json\/wp\/v2\/types\/post"}],"author":[{"embeddable":true,"href":"https:\/\/tvc16.com\/portal\/wp-json\/wp\/v2\/users\/2"}],"replies":[{"embeddable":true,"href":"https:\/\/tvc16.com\/portal\/wp-json\/wp\/v2\/comments?post=12245"}],"version-history":[{"count":1,"href":"https:\/\/tvc16.com\/portal\/wp-json\/wp\/v2\/posts\/12245\/revisions"}],"predecessor-version":[{"id":12247,"href":"https:\/\/tvc16.com\/portal\/wp-json\/wp\/v2\/posts\/12245\/revisions\/12247"}],"wp:featuredmedia":[{"embeddable":true,"href":"https:\/\/tvc16.com\/portal\/wp-json\/wp\/v2\/media\/12246"}],"wp:attachment":[{"href":"https:\/\/tvc16.com\/portal\/wp-json\/wp\/v2\/media?parent=12245"}],"wp:term":[{"taxonomy":"category","embeddable":true,"href":"https:\/\/tvc16.com\/portal\/wp-json\/wp\/v2\/categories?post=12245"},{"taxonomy":"post_tag","embeddable":true,"href":"https:\/\/tvc16.com\/portal\/wp-json\/wp\/v2\/tags?post=12245"}],"curies":[{"name":"wp","href":"https:\/\/api.w.org\/{rel}","templated":true}]}}