{"id":12260,"date":"2021-04-02T11:26:28","date_gmt":"2021-04-02T14:26:28","guid":{"rendered":"https:\/\/tvc16.com\/portal\/?p=12260"},"modified":"2021-04-02T11:26:31","modified_gmt":"2021-04-02T14:26:31","slug":"chile-chega-a-1-milhao-de-casos-de-covid-19-e-fecha-fronteiras","status":"publish","type":"post","link":"https:\/\/tvc16.com\/portal\/2021\/04\/02\/chile-chega-a-1-milhao-de-casos-de-covid-19-e-fecha-fronteiras\/","title":{"rendered":"Chile chega a 1 milh\u00e3o de casos de covid-19 e fecha fronteiras"},"content":{"rendered":"\n<h3 class=\"wp-block-heading\">Medidas restritivas foram intensificadas<\/h3>\n\n\n\n<ul class=\"wp-block-list\"><li>Por Ag\u00eancia Brasil* &#8211; Brasil<\/li><\/ul>\n\n\n\n<p>O Chile fechou suas fronteiras e intensificou ainda mais as medidas restritivas para desacelerar a propaga\u00e7\u00e3o do novo coronav\u00edrus e conter o fluxo das novas e contagiosas variantes. O pa\u00eds&nbsp;passou de 1 milh\u00e3o de n\u00famero de casos, apesar de ter uma das taxas mais r\u00e1pidas de vacina\u00e7\u00e3o no mundo.&nbsp;<img decoding=\"async\" src=\"https:\/\/agenciabrasil.ebc.com.br\/ebc.png?id=1405719&amp;o=node\"><img decoding=\"async\" src=\"https:\/\/agenciabrasil.ebc.com.br\/ebc.gif?id=1405719&amp;o=node\"><\/p>\n\n\n\n<p>A medida&nbsp;foi adotada nessa quinta-feira (1\u00ba),&nbsp;enquanto os hospitais alertam para a proximidade de satura\u00e7\u00e3o, com v\u00edtimas mais jovens e de meia-idade, ap\u00f3s a alta de casos nas \u00faltimas semanas.<\/p>\n\n\n\n<p>O Chile firmou acordos antecipadamente com fabricantes de vacinas como a Pfizer e a Sinovac&nbsp;e j\u00e1 vacinou mais de 35% de sua popula\u00e7\u00e3o, ocupando a terceira posi\u00e7\u00e3o na lista de imuniza\u00e7\u00f5es no mundo, de acordo com&nbsp;contagem da Reuters.&nbsp;<\/p>\n\n\n\n<p>Mas uma segunda onda da pandemia atingiu o pa\u00eds antes que ele alcan\u00e7asse&nbsp;a meta da imunidade de rebanho, prevista para julho.&nbsp;<\/p>\n\n\n\n<p>Ontem, o pa\u00eds registrou&nbsp;7.830 novos casos do v\u00edrus, a maior marca em um s\u00f3 dia, atingindo um total de 1.003.406 infec\u00e7\u00f5es desde o in\u00edcio da pandemia em mar\u00e7o de 2020.&nbsp;<\/p>\n\n\n\n<p>O total de casos levou o Chile a adiar as elei\u00e7\u00f5es que aconteceriam no dia 11 de abril, e resultou em acusa\u00e7\u00f5es de especialistas sanit\u00e1rios de que o governo permitiu que o triunfo de seu programa de vacina\u00e7\u00e3o contaminasse a mensagem oficial, fazendo com que a popula\u00e7\u00e3o baixasse a guarda &#8211; alega\u00e7\u00e3o rejeitada pelo ministro da Sa\u00fade, Enrique Paris.&nbsp;<\/p>\n\n\n\n<p>As restri\u00e7\u00f5es de movimento foram rapidamente aumentadas, e mais de 80% do pa\u00eds de 19 milh\u00f5es de pessoas est\u00e1 agora em&nbsp;<em>lockdown&nbsp;<\/em>para diminuir a press\u00e3o nas unidades de tratamento intensivo, que j\u00e1 est\u00e3o pr\u00f3ximas do colapso.<\/p>\n\n\n\n<p>Autoridades anunciaram nessa quinta-feira o fechamento da fronteira do pa\u00eds sul-americano por um m\u00eas, a partir de segunda (5)&nbsp;tanto para chilenos quanto para moradores estrangeiros, com exce\u00e7\u00f5es apenas em casos de emerg\u00eancia. Nenhum turista estrangeiro poder\u00e1 entrar no pa\u00eds.<\/p>\n\n\n\n<p>As autoridades tamb\u00e9m intensificaram as limita\u00e7\u00f5es de movimenta\u00e7\u00e3o&nbsp;dentro do Chile. Proibiram&nbsp;a compra e a entrega de produtos n\u00e3o essenciais como brinquedos, roupas ou eletr\u00f4nicos, reduziram&nbsp;as permiss\u00f5es de circula\u00e7\u00e3o a um pequeno grupo de trabalhadores essenciais,&nbsp;principalmente profissionais de sa\u00fade e funcion\u00e1rios de supermercados,&nbsp;e restringiram&nbsp;as autoriza\u00e7\u00f5es para que pessoas saiam de suas casas.&nbsp;<\/p>\n\n\n\n<p>O porta-voz do governo, Jaime Bellolio, pediu&nbsp;&nbsp;veementemente que todos os chilenos levem as regras a s\u00e9rio.&nbsp;<\/p>\n\n\n\n<p>&#8220;\u00c9 agora que podemos salvar vidas, que precisamos tomar um cuidado extremo&#8221;, disse. &#8220;Essa \u00e9 uma miss\u00e3o nacional, cada um de n\u00f3s tem um dever com o nosso grupo familiar e aqueles pr\u00f3ximos de n\u00f3s para ressaltar a urg\u00eancia de sermos respons\u00e1veis agora, hoje. Amanh\u00e3 pode ser tarde demais.&#8221;<\/p>\n\n\n\n<p><em>* Com informa\u00e7\u00f5es de Dave Sherwood e Aislinn Laing &#8211; Rep\u00f3rteres da Reuters<\/em><\/p>\n\n\n\n<p>Edi\u00e7\u00e3o: &#8211;<\/p>\n","protected":false},"excerpt":{"rendered":"<p>Medidas restritivas foram intensificadas Por Ag\u00eancia Brasil* &#8211; Brasil O Chile fechou suas fronteiras e<\/p>\n","protected":false},"author":2,"featured_media":12261,"comment_status":"open","ping_status":"open","sticky":false,"template":"","format":"standard","meta":{"footnotes":""},"categories":[17],"tags":[],"class_list":["post-12260","post","type-post","status-publish","format-standard","has-post-thumbnail","hentry","category-outras-noticias"],"_links":{"self":[{"href":"https:\/\/tvc16.com\/portal\/wp-json\/wp\/v2\/posts\/12260","targetHints":{"allow":["GET"]}}],"collection":[{"href":"https:\/\/tvc16.com\/portal\/wp-json\/wp\/v2\/posts"}],"about":[{"href":"https:\/\/tvc16.com\/portal\/wp-json\/wp\/v2\/types\/post"}],"author":[{"embeddable":true,"href":"https:\/\/tvc16.com\/portal\/wp-json\/wp\/v2\/users\/2"}],"replies":[{"embeddable":true,"href":"https:\/\/tvc16.com\/portal\/wp-json\/wp\/v2\/comments?post=12260"}],"version-history":[{"count":1,"href":"https:\/\/tvc16.com\/portal\/wp-json\/wp\/v2\/posts\/12260\/revisions"}],"predecessor-version":[{"id":12262,"href":"https:\/\/tvc16.com\/portal\/wp-json\/wp\/v2\/posts\/12260\/revisions\/12262"}],"wp:featuredmedia":[{"embeddable":true,"href":"https:\/\/tvc16.com\/portal\/wp-json\/wp\/v2\/media\/12261"}],"wp:attachment":[{"href":"https:\/\/tvc16.com\/portal\/wp-json\/wp\/v2\/media?parent=12260"}],"wp:term":[{"taxonomy":"category","embeddable":true,"href":"https:\/\/tvc16.com\/portal\/wp-json\/wp\/v2\/categories?post=12260"},{"taxonomy":"post_tag","embeddable":true,"href":"https:\/\/tvc16.com\/portal\/wp-json\/wp\/v2\/tags?post=12260"}],"curies":[{"name":"wp","href":"https:\/\/api.w.org\/{rel}","templated":true}]}}