{"id":12264,"date":"2021-04-02T11:27:44","date_gmt":"2021-04-02T14:27:44","guid":{"rendered":"https:\/\/tvc16.com\/portal\/?p=12264"},"modified":"2021-04-02T11:27:46","modified_gmt":"2021-04-02T14:27:46","slug":"papa-encontra-pessoas-carentes-que-recebem-vacina-no-vaticano","status":"publish","type":"post","link":"https:\/\/tvc16.com\/portal\/2021\/04\/02\/papa-encontra-pessoas-carentes-que-recebem-vacina-no-vaticano\/","title":{"rendered":"Papa encontra pessoas carentes que recebem vacina no Vaticano"},"content":{"rendered":"\n<h3 class=\"wp-block-heading\">Cerca de 800 pessoas carentes receberam a primeira dose nesta semana<\/h3>\n\n\n\n<ul class=\"wp-block-list\"><li>Por Ag\u00eancia Brasil* &#8211; Bras\u00edlia<\/li><\/ul>\n\n\n\n<p>O papa Francisco foi hoje (2) de manh\u00e3 ao \u00e1trio da Sala Paulo VI para encontrar alguns sem-teto e pessoas em dificuldades enquanto eram feitas&nbsp;vacina\u00e7\u00f5es contra a covid-19. A informa\u00e7\u00e3o \u00e9 da assessoria de imprensa da Santa S\u00e9.<img decoding=\"async\" src=\"https:\/\/agenciabrasil.ebc.com.br\/ebc.png?id=1405722&amp;o=node\"><img decoding=\"async\" src=\"https:\/\/agenciabrasil.ebc.com.br\/ebc.gif?id=1405722&amp;o=node\"><\/p>\n\n\n\n<p>Segundo o comunicado da Sala de Imprensa, \u201cnesta manh\u00e3, Sexta-Feira Santa, pouco antes das 10h, o papa Francisco dirigiu-se ao \u00e1trio da Sala Paulo VI, enquanto eram vacinados alguns sem-teto e pessoas em dificuldade, acolhidos e acompanhados por associa\u00e7\u00f5es romanas.<\/p>\n\n\n\n<p>O papa cumprimentou&nbsp;os m\u00e9dicos e enfermeiras, acompanhou o procedimento de prepara\u00e7\u00e3o das doses de vacina e falou com as pessoas que aguardavam na fila a vacina\u00e7\u00e3o. At\u00e9 o momento, das 1.200 pessoas carentes que receber\u00e3o a vacina nesta semana, cerca de 800 j\u00e1 receberam a primeira dose.<\/p>\n\n\n\n<p><em>*Com informa\u00e7\u00f5es da ag\u00eancia Vatican News<\/em><\/p>\n\n\n\n<p>Edi\u00e7\u00e3o: &#8211;<\/p>\n","protected":false},"excerpt":{"rendered":"<p>Cerca de 800 pessoas carentes receberam a primeira dose nesta semana Por Ag\u00eancia Brasil* &#8211;<\/p>\n","protected":false},"author":2,"featured_media":12265,"comment_status":"open","ping_status":"open","sticky":false,"template":"","format":"standard","meta":{"footnotes":""},"categories":[17],"tags":[],"class_list":["post-12264","post","type-post","status-publish","format-standard","has-post-thumbnail","hentry","category-outras-noticias"],"_links":{"self":[{"href":"https:\/\/tvc16.com\/portal\/wp-json\/wp\/v2\/posts\/12264","targetHints":{"allow":["GET"]}}],"collection":[{"href":"https:\/\/tvc16.com\/portal\/wp-json\/wp\/v2\/posts"}],"about":[{"href":"https:\/\/tvc16.com\/portal\/wp-json\/wp\/v2\/types\/post"}],"author":[{"embeddable":true,"href":"https:\/\/tvc16.com\/portal\/wp-json\/wp\/v2\/users\/2"}],"replies":[{"embeddable":true,"href":"https:\/\/tvc16.com\/portal\/wp-json\/wp\/v2\/comments?post=12264"}],"version-history":[{"count":1,"href":"https:\/\/tvc16.com\/portal\/wp-json\/wp\/v2\/posts\/12264\/revisions"}],"predecessor-version":[{"id":12266,"href":"https:\/\/tvc16.com\/portal\/wp-json\/wp\/v2\/posts\/12264\/revisions\/12266"}],"wp:featuredmedia":[{"embeddable":true,"href":"https:\/\/tvc16.com\/portal\/wp-json\/wp\/v2\/media\/12265"}],"wp:attachment":[{"href":"https:\/\/tvc16.com\/portal\/wp-json\/wp\/v2\/media?parent=12264"}],"wp:term":[{"taxonomy":"category","embeddable":true,"href":"https:\/\/tvc16.com\/portal\/wp-json\/wp\/v2\/categories?post=12264"},{"taxonomy":"post_tag","embeddable":true,"href":"https:\/\/tvc16.com\/portal\/wp-json\/wp\/v2\/tags?post=12264"}],"curies":[{"name":"wp","href":"https:\/\/api.w.org\/{rel}","templated":true}]}}