{"id":12267,"date":"2021-04-02T11:28:47","date_gmt":"2021-04-02T14:28:47","guid":{"rendered":"https:\/\/tvc16.com\/portal\/?p=12267"},"modified":"2021-04-02T11:28:49","modified_gmt":"2021-04-02T14:28:49","slug":"saiba-o-que-e-o-stalking-e-como-se-defender","status":"publish","type":"post","link":"https:\/\/tvc16.com\/portal\/2021\/04\/02\/saiba-o-que-e-o-stalking-e-como-se-defender\/","title":{"rendered":"Saiba o que \u00e9 o&nbsp;stalking&nbsp;e como se defender"},"content":{"rendered":"\n<h3 class=\"wp-block-heading\">V\u00edtimas podem ter dificuldade de reconhecer o crime inicialmente<\/h3>\n\n\n\n<h4 class=\"wp-block-heading\">Por Karine Melo &#8211; Rep\u00f3rter da Ag\u00eancia Brasil &#8211; Bras\u00edlia<\/h4>\n\n\n\n<p>O&nbsp;<em>stalking<\/em>&nbsp;\u00e9 um termo usado para se&nbsp;referir&nbsp;ao ato de perseguir algu\u00e9m na internet&nbsp;\u00e9&nbsp;por meio de&nbsp;invas\u00e3o de contas nas redes sociais, de liga\u00e7\u00f5es, envio de SMS&nbsp;que o chamado&nbsp;<em>cyberstalking<\/em>&nbsp;ocorre.&nbsp;O&nbsp;constrangimento e a persegui\u00e7\u00e3o&nbsp;tamb\u00e9m podem aparecer&nbsp;de outras maneiras:&nbsp;em locais p\u00fablicos, em casa,&nbsp;e , por exemplo,&nbsp;na&nbsp;divulga\u00e7\u00e3o de boatos&nbsp;ou importuna\u00e7\u00f5es&nbsp;que podem ser causadas por paix\u00e3o doentia , viol\u00eancia&nbsp;dom\u00e9stica e \u00f3dio \u00e0 v\u00edtima.<img decoding=\"async\" src=\"https:\/\/agenciabrasil.ebc.com.br\/ebc.png?id=1405716&amp;o=node\"><img decoding=\"async\" src=\"https:\/\/agenciabrasil.ebc.com.br\/ebc.gif?id=1405716&amp;o=node\"><\/p>\n\n\n\n<p>Segundo a SaferNet, organiza\u00e7\u00e3o n\u00e3o governamental que se dedica \u00e0 defesa dos direitos humanos na internet, muitas vezes a pessoa que est\u00e1 sendo v\u00edtima de&nbsp;ciberstalking&nbsp;parece&nbsp;ter&nbsp;dificuldade de inicialmente reconhecer esse risco.&nbsp;Por\u00e9m, a partir do momento em que esses comportamentos se tornam persistentes e perigosos, \u00e9 poss\u00edvel identificar o ciclo de viol\u00eancia que come\u00e7a a ser estabelecido. \u201c&nbsp;Em algumas situa\u00e7\u00f5es, essa viola\u00e7\u00e3o se inicia de forma sutil, quando o\/a&nbsp;<em>stalke<\/em>r&nbsp;come\u00e7a a postar coisas em sua linha do tempo ou at\u00e9 mesmo em outros&nbsp;<em>sites<\/em>, sempre buscando estabelecer um v\u00ednculo de maior proximidade. Algumas vezes, ele\/ela adiciona ou entra em contato com amigos, familiares, vizinhos e colegas de trabalho do seu alvo, com o intuito de&nbsp;ter&nbsp;informa\u00e7\u00f5es sobre tudo o que a pessoa faz\u201d,&nbsp;alerta&nbsp;a organiza\u00e7\u00e3o.<\/p>\n\n\n\n<p>Ainda segundo a SaferNet&nbsp;alguns cuidados podem ajudar a evitar o problema:<\/p>\n\n\n\n<p>Fa\u00e7a boas escolhas&nbsp;<em>online<\/em>. Evite divulgar dados como endere\u00e7o, local de trabalho\/estudo ou telefone em redes sociais, sempre configurando o perfil para que apenas pessoas pr\u00f3ximas tenham acesso \u00e0s suas informa\u00e7\u00f5es.<\/p>\n\n\n\n<p>Tenha cuidado com quem voc\u00ea se relaciona e mant\u00e9m conversas&nbsp;<em>online<\/em>, nunca podemos&nbsp;ter&nbsp;certeza de quem est\u00e1 do outro lado da tela.&nbsp;<\/p>\n\n\n\n<p>Caso esteja sendo v\u00edtima de&nbsp;<em>stalking<\/em>, grave todas as poss\u00edveis provas, particularmente aquelas que s\u00e3o explicitamente abusivas ou amea\u00e7adoras, pois elas&nbsp;podem servir de evid\u00eancias para ser registrado um boletim de ocorr\u00eancia nos \u00f3rg\u00e3os competentes.<\/p>\n\n\n\n<p>N\u00e3o interaja com a pessoa que perseguir ou assediar, pois isso pode refor\u00e7ar o comportamento dela para continuar tendo alguma forma de contato com voc\u00ea.<\/p>\n\n\n\n<p>Bloqueie o contato do&nbsp;<em>stalker<\/em>&nbsp;em suas redes sociais e denuncie no pr\u00f3prio servi\u00e7o.<\/p>\n\n\n\n<h2 class=\"wp-block-heading\">Crime<\/h2>\n\n\n\n<p>No \u00faltimo&nbsp;dia&nbsp;9, o Senado aprovou um&nbsp;<a href=\"https:\/\/www.in.gov.br\/en\/web\/dou\/-\/lei-n-14.132-de-31-de-marco-de-2021-311668732\" target=\"_blank\" rel=\"noreferrer noopener\">projeto<\/a>&nbsp;que criminaliza o&nbsp;<em>stalking<\/em>.&nbsp;O texto, sancionado pelo presidente Jair Bolsonaro no dia 31 de mar\u00e7o,&nbsp;altera o C\u00f3digo Penal e prev\u00ea pena de reclus\u00e3o de seis meses a dois anos e multa para esse tipo de conduta.&nbsp;Antes, a pr\u00e1tica era enquadrada apenas como contraven\u00e7\u00e3o penal,&nbsp;que previa o crime de perturba\u00e7\u00e3o da tranquilidade alheia, pun\u00edvel com pris\u00e3o de 15 dias a dois meses e multa.&nbsp;Ainda de acordo com&nbsp;o projeto aprovado, o crime de persegui\u00e7\u00e3o&nbsp;ter\u00e1 pena aumentada em 50% quando&nbsp;for praticado contra crian\u00e7a, adolescente, idoso ou contra mulher por raz\u00f5es de g\u00eanero. Em outros pa\u00edses, como os Estados Unidos, a Fran\u00e7a e o Canad\u00e1,&nbsp;a pr\u00e1tica j\u00e1 \u00e9 prevista em lei.<\/p>\n\n\n\n<p>Por&nbsp;ter&nbsp;pena prevista menor que oito anos, por\u00e9m, o crime n\u00e3o necessariamente provocar\u00e1 pris\u00e3o em regime fechado. Os infratores podem pegar de seis meses a dois anos de reclus\u00e3o&nbsp;em&nbsp;regime fechado e multa.<\/p>\n\n\n\n<p>O projeto&nbsp;tamb\u00e9m revoga o Artigo 65 da Lei de Contraven\u00e7\u00f5es Penais (Decreto-Lei 3.688, de 1941) que previa o crime de perturba\u00e7\u00e3o da tranquilidade alheia, com pris\u00e3o de 15 dias a dois meses e multa.&nbsp;Com a aprova\u00e7\u00e3o da proposta, tudo passa a ser enquadrado no&nbsp;crime de&nbsp;<em>stalking<\/em>.<\/p>\n\n\n\n<p>Edi\u00e7\u00e3o: Gra\u00e7a Adjuto<\/p>\n","protected":false},"excerpt":{"rendered":"<p>V\u00edtimas podem ter dificuldade de reconhecer o crime inicialmente Por Karine Melo &#8211; Rep\u00f3rter da<\/p>\n","protected":false},"author":2,"featured_media":12268,"comment_status":"open","ping_status":"open","sticky":false,"template":"","format":"standard","meta":{"footnotes":""},"categories":[17],"tags":[],"class_list":["post-12267","post","type-post","status-publish","format-standard","has-post-thumbnail","hentry","category-outras-noticias"],"_links":{"self":[{"href":"https:\/\/tvc16.com\/portal\/wp-json\/wp\/v2\/posts\/12267","targetHints":{"allow":["GET"]}}],"collection":[{"href":"https:\/\/tvc16.com\/portal\/wp-json\/wp\/v2\/posts"}],"about":[{"href":"https:\/\/tvc16.com\/portal\/wp-json\/wp\/v2\/types\/post"}],"author":[{"embeddable":true,"href":"https:\/\/tvc16.com\/portal\/wp-json\/wp\/v2\/users\/2"}],"replies":[{"embeddable":true,"href":"https:\/\/tvc16.com\/portal\/wp-json\/wp\/v2\/comments?post=12267"}],"version-history":[{"count":1,"href":"https:\/\/tvc16.com\/portal\/wp-json\/wp\/v2\/posts\/12267\/revisions"}],"predecessor-version":[{"id":12269,"href":"https:\/\/tvc16.com\/portal\/wp-json\/wp\/v2\/posts\/12267\/revisions\/12269"}],"wp:featuredmedia":[{"embeddable":true,"href":"https:\/\/tvc16.com\/portal\/wp-json\/wp\/v2\/media\/12268"}],"wp:attachment":[{"href":"https:\/\/tvc16.com\/portal\/wp-json\/wp\/v2\/media?parent=12267"}],"wp:term":[{"taxonomy":"category","embeddable":true,"href":"https:\/\/tvc16.com\/portal\/wp-json\/wp\/v2\/categories?post=12267"},{"taxonomy":"post_tag","embeddable":true,"href":"https:\/\/tvc16.com\/portal\/wp-json\/wp\/v2\/tags?post=12267"}],"curies":[{"name":"wp","href":"https:\/\/api.w.org\/{rel}","templated":true}]}}