{"id":1227,"date":"2020-09-25T12:03:41","date_gmt":"2020-09-25T12:03:41","guid":{"rendered":"https:\/\/tvc16.com\/portal\/?p=1227"},"modified":"2020-09-25T12:03:41","modified_gmt":"2020-09-25T12:03:41","slug":"liesa-decide-adiar-desfiles-das-escolas-de-samba-no-rio","status":"publish","type":"post","link":"https:\/\/tvc16.com\/portal\/2020\/09\/25\/liesa-decide-adiar-desfiles-das-escolas-de-samba-no-rio\/","title":{"rendered":"Liesa decide adiar desfiles das escolas de samba no Rio"},"content":{"rendered":"\n<p>Decis\u00e3o foi tomada nessa quinta-feira \u00e0 noite<\/p>\n\n\n\n<p>A Liga Independente das Escolas de Samba (Liesa) decidiu adiar os desfiles das escolas de samba do grupo especial, que aconteceriam em fevereiro de 2021, devido \u00e0 pandemia de covid-19. A decis\u00e3o foi tomada na noite de&nbsp;ontem&nbsp;(24), durante reuni\u00e3o entre representantes das agremia\u00e7\u00f5es.<img decoding=\"async\" src=\"https:\/\/agenciabrasil.ebc.com.br\/ebc.png?id=1388919&amp;o=node\"><img decoding=\"async\" src=\"https:\/\/agenciabrasil.ebc.com.br\/ebc.gif?id=1388919&amp;o=node\"><\/p>\n\n\n\n<p>De acordo com o presidente da Liesa, Jorge Castanheira, como ainda n\u00e3o se sabe se haver\u00e1 uma vacina at\u00e9 o carnaval, n\u00e3o haver\u00e1 tempo h\u00e1bil para as agremia\u00e7\u00f5es se prepararem.<\/p>\n\n\n\n<p>No entanto, ele destacou que, por enquanto, os desfiles n\u00e3o foram suspensos, apenas adiados. A Liesa continuar\u00e1 acompanhando a situa\u00e7\u00e3o da pandemia e far\u00e1 novas reuni\u00f5es para decidir se ser\u00e1 poss\u00edvel realizar os desfiles em uma nova data em 2021 ou se o evento&nbsp;ter\u00e1 mesmo que ser cancelado.<\/p>\n\n\n\n<p>Por Vitor Abdala &#8211; Rep\u00f3rter da Ag\u00eancia Brasil &#8211; Rio de Janeiro<\/p>\n\n\n\n<p>Edi\u00e7\u00e3o: Gra\u00e7a Adjuto<\/p>\n","protected":false},"excerpt":{"rendered":"<p>Decis\u00e3o foi tomada nessa quinta-feira \u00e0 noite A Liga Independente das Escolas de Samba (Liesa)<\/p>\n","protected":false},"author":2,"featured_media":1228,"comment_status":"open","ping_status":"open","sticky":false,"template":"","format":"standard","meta":{"footnotes":""},"categories":[20],"tags":[],"class_list":["post-1227","post","type-post","status-publish","format-standard","has-post-thumbnail","hentry","category-esporte"],"_links":{"self":[{"href":"https:\/\/tvc16.com\/portal\/wp-json\/wp\/v2\/posts\/1227","targetHints":{"allow":["GET"]}}],"collection":[{"href":"https:\/\/tvc16.com\/portal\/wp-json\/wp\/v2\/posts"}],"about":[{"href":"https:\/\/tvc16.com\/portal\/wp-json\/wp\/v2\/types\/post"}],"author":[{"embeddable":true,"href":"https:\/\/tvc16.com\/portal\/wp-json\/wp\/v2\/users\/2"}],"replies":[{"embeddable":true,"href":"https:\/\/tvc16.com\/portal\/wp-json\/wp\/v2\/comments?post=1227"}],"version-history":[{"count":1,"href":"https:\/\/tvc16.com\/portal\/wp-json\/wp\/v2\/posts\/1227\/revisions"}],"predecessor-version":[{"id":1229,"href":"https:\/\/tvc16.com\/portal\/wp-json\/wp\/v2\/posts\/1227\/revisions\/1229"}],"wp:featuredmedia":[{"embeddable":true,"href":"https:\/\/tvc16.com\/portal\/wp-json\/wp\/v2\/media\/1228"}],"wp:attachment":[{"href":"https:\/\/tvc16.com\/portal\/wp-json\/wp\/v2\/media?parent=1227"}],"wp:term":[{"taxonomy":"category","embeddable":true,"href":"https:\/\/tvc16.com\/portal\/wp-json\/wp\/v2\/categories?post=1227"},{"taxonomy":"post_tag","embeddable":true,"href":"https:\/\/tvc16.com\/portal\/wp-json\/wp\/v2\/tags?post=1227"}],"curies":[{"name":"wp","href":"https:\/\/api.w.org\/{rel}","templated":true}]}}