{"id":12287,"date":"2021-04-02T19:47:56","date_gmt":"2021-04-02T22:47:56","guid":{"rendered":"https:\/\/tvc16.com\/portal\/?p=12287"},"modified":"2021-04-02T19:48:10","modified_gmt":"2021-04-02T22:48:10","slug":"lojas-americanas-conseguem-liminar-para-funcionar-normalmente-no-feriado","status":"publish","type":"post","link":"https:\/\/tvc16.com\/portal\/2021\/04\/02\/lojas-americanas-conseguem-liminar-para-funcionar-normalmente-no-feriado\/","title":{"rendered":"Lojas Americanas consegue liminar para funcionar normalmente no feriado"},"content":{"rendered":"\n<p>Quem passou pela Rua do Imperador na manh\u00e3 de hoje (02) flagrou diversas pessoas entrando na Lojas Americanas. No v\u00eddeo feito por pedestres foi poss\u00edvel ver que um funcion\u00e1rio aplicava \u00e1lcool em gel nas m\u00e3os dos clientes e em seguida todos eram liberados para entrar. Quem esteve no local afirmou que a loja chegou a ficar cheia em alguns momentos.<\/p>\n\n\n\n<p>Questionada a prefeitura informou que a loja funcionou hoje devido a uma liminar judicial, que autorizou a abertura. Diante disso, a Procuradoria Geral do Munic\u00edpio entrou com agravo, apontando os problemas relacionados a aglomera\u00e7\u00e3o. A Prefeitura reiterou ainda que a popula\u00e7\u00e3o cumpra os decretos municipais e ajude a desacelerar a taxa de transmiss\u00e3o da covid-19.<\/p>\n\n\n\n<p>Petr\u00f3polis, assim como os demais munic\u00edpios do estado, vive atualmente o pior momento da pandemia, sendo indispens\u00e1vel que cada um fa\u00e7a sua parte, evitando ao m\u00e1ximo sair de casa, usando m\u00e1scaras e mantendo as m\u00e3os sempre limpas.<\/p>\n","protected":false},"excerpt":{"rendered":"<p>Quem passou pela Rua do Imperador na manh\u00e3 de hoje (02) flagrou diversas pessoas entrando<\/p>\n","protected":false},"author":2,"featured_media":12288,"comment_status":"open","ping_status":"open","sticky":false,"template":"","format":"standard","meta":{"footnotes":""},"categories":[12],"tags":[],"class_list":["post-12287","post","type-post","status-publish","format-standard","has-post-thumbnail","hentry","category-cidade"],"_links":{"self":[{"href":"https:\/\/tvc16.com\/portal\/wp-json\/wp\/v2\/posts\/12287","targetHints":{"allow":["GET"]}}],"collection":[{"href":"https:\/\/tvc16.com\/portal\/wp-json\/wp\/v2\/posts"}],"about":[{"href":"https:\/\/tvc16.com\/portal\/wp-json\/wp\/v2\/types\/post"}],"author":[{"embeddable":true,"href":"https:\/\/tvc16.com\/portal\/wp-json\/wp\/v2\/users\/2"}],"replies":[{"embeddable":true,"href":"https:\/\/tvc16.com\/portal\/wp-json\/wp\/v2\/comments?post=12287"}],"version-history":[{"count":2,"href":"https:\/\/tvc16.com\/portal\/wp-json\/wp\/v2\/posts\/12287\/revisions"}],"predecessor-version":[{"id":12290,"href":"https:\/\/tvc16.com\/portal\/wp-json\/wp\/v2\/posts\/12287\/revisions\/12290"}],"wp:featuredmedia":[{"embeddable":true,"href":"https:\/\/tvc16.com\/portal\/wp-json\/wp\/v2\/media\/12288"}],"wp:attachment":[{"href":"https:\/\/tvc16.com\/portal\/wp-json\/wp\/v2\/media?parent=12287"}],"wp:term":[{"taxonomy":"category","embeddable":true,"href":"https:\/\/tvc16.com\/portal\/wp-json\/wp\/v2\/categories?post=12287"},{"taxonomy":"post_tag","embeddable":true,"href":"https:\/\/tvc16.com\/portal\/wp-json\/wp\/v2\/tags?post=12287"}],"curies":[{"name":"wp","href":"https:\/\/api.w.org\/{rel}","templated":true}]}}