{"id":12291,"date":"2021-04-03T22:46:22","date_gmt":"2021-04-04T01:46:22","guid":{"rendered":"https:\/\/tvc16.com\/portal\/?p=12291"},"modified":"2021-04-03T22:46:25","modified_gmt":"2021-04-04T01:46:25","slug":"secretaria-de-educacao-doa-alimentos","status":"publish","type":"post","link":"https:\/\/tvc16.com\/portal\/2021\/04\/03\/secretaria-de-educacao-doa-alimentos\/","title":{"rendered":"Secretaria de Educa\u00e7\u00e3o doa alimentos"},"content":{"rendered":"\n<p><\/p>\n\n\n\n<p>Os hospitais Dr. Nelson de S\u00e1 Earp (HMNSE) e Alcides Carneiro (HAC), a Secretaria de Assist\u00eancia Social, e 30 institui\u00e7\u00f5es que prestam servi\u00e7os de assist\u00eancia social a pessoas em situa\u00e7\u00e3o de vulnerabilidade alimentar receber\u00e3o, na pr\u00f3xima semana, doa\u00e7\u00e3o de alimentos da Secretaria de Educa\u00e7\u00e3o de Petr\u00f3polis <\/p>\n\n\n\n<p>Aproximadamente nove toneladas de carnes (f\u00edgado, m\u00fasculo e patinho) e quase tr\u00eas toneladas de azeite, \u00f3leo de soja, vinagre, sal, molho de tomate, milho e ervilha em conserva, chocolate em p\u00f3, gelatina de morango e goiabada ser\u00e3o entregues. As carnes t\u00eam prazo de validade at\u00e9 outubro deste ano, assim como os itens n\u00e3o perec\u00edveis.<br>Produtos n\u00e3o perec\u00edveis, al\u00e9m de g\u00eaneros do tipo prote\u00ednas ser\u00e3o entregues respeitando todos os cuidados sanit\u00e1rios. A doa\u00e7\u00e3o dos itens foi discutida e aprovada em reuni\u00e3o com o Conselho de Alimenta\u00e7\u00e3o Escolar (CAE) e com a Comiss\u00e3o de Educa\u00e7\u00e3o da C\u00e2mara, nesta sexta-feira (2).<br>O processo de entrega dos alimentos ser\u00e1 executado pela Secretaria de Educa\u00e7\u00e3o, com supervis\u00e3o da equipe de nutri\u00e7\u00e3o da ger\u00eancia de alimenta\u00e7\u00e3o.<br>O prefeito interino Hingo Hammes lembrou que a doa\u00e7\u00e3o dos itens \u00e9 parte de um trabalho iniciado em janeiro, com monitoramento e controle de todo o estoque de g\u00eaneros aliment\u00edcios dispon\u00edveis nas escolas e tamb\u00e9m no dep\u00f3sito da merenda. \u201cFizemos um levantamento de todos os itens, levando em conta as respectivas datas de validade, e iniciamos os procedimentos para evitar desperd\u00edcio. Num momento como o que vivemos, n\u00e3o pod\u00edamos deixar que houvesse perdas\u201d, lembrou.<br>Gerente de Alimenta\u00e7\u00e3o da Secretaria Municipal de Educa\u00e7\u00e3o, Tiago Gasparini, lembrou que manteve uma quantidade de alguns g\u00eaneros que seriam utilizados num poss\u00edvel retorno das aulas presenciais, mas, com o aumento dos casos de covid e o adiamento do retorno das aulas no formato h\u00edbrido, era necess\u00e1rio adotar medidas para evitar perda de alimentos. \u201cCom o levantamento do estoque, percebemos que seria melhor doar os alimentos para evitar perdas. Entendo que essa \u00e9 a solu\u00e7\u00e3o poss\u00edvel no momento, tendo em vista o prazo de validade de alguns itens e a preocupa\u00e7\u00e3o para que n\u00e3o haja nenhum desperd\u00edcio num momento t\u00e3o delicado\u201d, apontou.<br>Com as medidas restritivas adotadas pelo governo municipal interino, por conta do aumento expressivo dos casos de covid-19, as aulas que estavam previstas para retornar no sistema h\u00edbrido nesta segunda-feira foram adiadas. O novo decreto municipal foi publicado nesta semana.<\/p>\n","protected":false},"excerpt":{"rendered":"<p>Os hospitais Dr. Nelson de S\u00e1 Earp (HMNSE) e Alcides Carneiro (HAC), a Secretaria de<\/p>\n","protected":false},"author":2,"featured_media":12292,"comment_status":"open","ping_status":"open","sticky":false,"template":"","format":"standard","meta":{"footnotes":""},"categories":[12],"tags":[],"class_list":["post-12291","post","type-post","status-publish","format-standard","has-post-thumbnail","hentry","category-cidade"],"_links":{"self":[{"href":"https:\/\/tvc16.com\/portal\/wp-json\/wp\/v2\/posts\/12291","targetHints":{"allow":["GET"]}}],"collection":[{"href":"https:\/\/tvc16.com\/portal\/wp-json\/wp\/v2\/posts"}],"about":[{"href":"https:\/\/tvc16.com\/portal\/wp-json\/wp\/v2\/types\/post"}],"author":[{"embeddable":true,"href":"https:\/\/tvc16.com\/portal\/wp-json\/wp\/v2\/users\/2"}],"replies":[{"embeddable":true,"href":"https:\/\/tvc16.com\/portal\/wp-json\/wp\/v2\/comments?post=12291"}],"version-history":[{"count":1,"href":"https:\/\/tvc16.com\/portal\/wp-json\/wp\/v2\/posts\/12291\/revisions"}],"predecessor-version":[{"id":12293,"href":"https:\/\/tvc16.com\/portal\/wp-json\/wp\/v2\/posts\/12291\/revisions\/12293"}],"wp:featuredmedia":[{"embeddable":true,"href":"https:\/\/tvc16.com\/portal\/wp-json\/wp\/v2\/media\/12292"}],"wp:attachment":[{"href":"https:\/\/tvc16.com\/portal\/wp-json\/wp\/v2\/media?parent=12291"}],"wp:term":[{"taxonomy":"category","embeddable":true,"href":"https:\/\/tvc16.com\/portal\/wp-json\/wp\/v2\/categories?post=12291"},{"taxonomy":"post_tag","embeddable":true,"href":"https:\/\/tvc16.com\/portal\/wp-json\/wp\/v2\/tags?post=12291"}],"curies":[{"name":"wp","href":"https:\/\/api.w.org\/{rel}","templated":true}]}}