{"id":12303,"date":"2021-04-03T23:05:23","date_gmt":"2021-04-04T02:05:23","guid":{"rendered":"https:\/\/tvc16.com\/portal\/?p=12303"},"modified":"2021-04-03T23:05:25","modified_gmt":"2021-04-04T02:05:25","slug":"fieis-fazem-oracao-por-profissionais-de-saude-e-pacientes-na-upa-cascatinha","status":"publish","type":"post","link":"https:\/\/tvc16.com\/portal\/2021\/04\/03\/fieis-fazem-oracao-por-profissionais-de-saude-e-pacientes-na-upa-cascatinha\/","title":{"rendered":"Fi\u00e9is fazem ora\u00e7\u00e3o por profissionais de sa\u00fade e pacientes na UPA Cascatinha"},"content":{"rendered":"\n<p><\/p>\n\n\n\n<p>Com o objetivo de levar esperan\u00e7a e for\u00e7a a profissionais de sa\u00fade e pessoas internadas com Covid-19, membros da igreja evang\u00e9lica Nova Jerusal\u00e9m estiveram na tarde desta sexta-feira (2) no p\u00e1tio da UPA Cascatinha para orar pela recupera\u00e7\u00e3o de pacientes que est\u00e3o internados. Diante da unidade, que presta atendimento exclusivo a pacientes com Covid-19, cerca de 25 integrantes da igreja fizeram ora\u00e7\u00f5es por m\u00e9dicos, enfermeiros, pacientes e fam\u00edlias atingidas pela pandemia de Covid-19.<br>O ato de f\u00e9, que teve in\u00edcio \u00e0s 15h e foi encerrado por volta de 16h, foi realizado na \u00e1rea externa da unidade (ao ar livre) com respeito aos protocolos sanit\u00e1rios: todos os integrantes usaram m\u00e1scaras e mantiveram o distanciamento social.<\/p>\n","protected":false},"excerpt":{"rendered":"<p>Com o objetivo de levar esperan\u00e7a e for\u00e7a a profissionais de sa\u00fade e pessoas internadas<\/p>\n","protected":false},"author":2,"featured_media":12304,"comment_status":"open","ping_status":"open","sticky":false,"template":"","format":"standard","meta":{"footnotes":""},"categories":[12],"tags":[],"class_list":["post-12303","post","type-post","status-publish","format-standard","has-post-thumbnail","hentry","category-cidade"],"_links":{"self":[{"href":"https:\/\/tvc16.com\/portal\/wp-json\/wp\/v2\/posts\/12303","targetHints":{"allow":["GET"]}}],"collection":[{"href":"https:\/\/tvc16.com\/portal\/wp-json\/wp\/v2\/posts"}],"about":[{"href":"https:\/\/tvc16.com\/portal\/wp-json\/wp\/v2\/types\/post"}],"author":[{"embeddable":true,"href":"https:\/\/tvc16.com\/portal\/wp-json\/wp\/v2\/users\/2"}],"replies":[{"embeddable":true,"href":"https:\/\/tvc16.com\/portal\/wp-json\/wp\/v2\/comments?post=12303"}],"version-history":[{"count":1,"href":"https:\/\/tvc16.com\/portal\/wp-json\/wp\/v2\/posts\/12303\/revisions"}],"predecessor-version":[{"id":12305,"href":"https:\/\/tvc16.com\/portal\/wp-json\/wp\/v2\/posts\/12303\/revisions\/12305"}],"wp:featuredmedia":[{"embeddable":true,"href":"https:\/\/tvc16.com\/portal\/wp-json\/wp\/v2\/media\/12304"}],"wp:attachment":[{"href":"https:\/\/tvc16.com\/portal\/wp-json\/wp\/v2\/media?parent=12303"}],"wp:term":[{"taxonomy":"category","embeddable":true,"href":"https:\/\/tvc16.com\/portal\/wp-json\/wp\/v2\/categories?post=12303"},{"taxonomy":"post_tag","embeddable":true,"href":"https:\/\/tvc16.com\/portal\/wp-json\/wp\/v2\/tags?post=12303"}],"curies":[{"name":"wp","href":"https:\/\/api.w.org\/{rel}","templated":true}]}}