{"id":12306,"date":"2021-04-03T23:12:22","date_gmt":"2021-04-04T02:12:22","guid":{"rendered":"https:\/\/tvc16.com\/portal\/?p=12306"},"modified":"2021-04-03T23:12:24","modified_gmt":"2021-04-04T02:12:24","slug":"petropolis-tem-neste-momento-361-internacoes-por-covid-19-em-toda-a-rede-hospitalar-e-ocupacao-de-9407-em-leitos-de-uti","status":"publish","type":"post","link":"https:\/\/tvc16.com\/portal\/2021\/04\/03\/petropolis-tem-neste-momento-361-internacoes-por-covid-19-em-toda-a-rede-hospitalar-e-ocupacao-de-9407-em-leitos-de-uti\/","title":{"rendered":"Petr\u00f3polis tem neste momento, 361 interna\u00e7\u00f5es, por Covid-19, em toda a rede hospitalar, \u00e9 ocupa\u00e7\u00e3o de 94,07% em leitos de UTI"},"content":{"rendered":"\n<p><\/p>\n\n\n\n<p>Sendo que, 159 pessoas est\u00e3o internadas em leitos de UTI privados e pelo SUS. Outras 202 est\u00e3o em leitos cl\u00ednicos, considerando leitos privados e SUS, totalizando assim, 361 interna\u00e7\u00f5es em toda a rede da cidade. A ocupa\u00e7\u00e3o de leitos cl\u00ednicos pelo SUS \u00e9 de 90,08% e 94,07% em leitos de UTI.<\/p>\n\n\n\n<p>A Secretaria de Sa\u00fade esclarece que o n\u00famero de \u00f3bitos, hoje em 700, \u00e9 atualizado nos boletins apenas ap\u00f3s o registro do atestado de \u00f3bito e do resultado do exame do paciente no sistema da Vigil\u00e2ncia Epidemiol\u00f3gica, o que \u00e9 feito por equipe administrativa. Trata-se de medida de seguran\u00e7a para evitar erro na informa\u00e7\u00e3o divulgada pela Secretaria de Sa\u00fade.<\/p>\n\n\n\n<p>A Secretaria acrescenta, ainda, que trabalha na atualiza\u00e7\u00e3o de dados de notifica\u00e7\u00f5es e casos em an\u00e1lise no sistema, inserindo ainda dados n\u00e3o lan\u00e7ados no fim do ano passado. \u00c9 poss\u00edvel acompanhar a evolu\u00e7\u00e3o dos casos no portal da transpar\u00eancia do coronav\u00edrus, no site da Prefeitura (www.petropolis.rj.gov.br)<\/p>\n","protected":false},"excerpt":{"rendered":"<p>Sendo que, 159 pessoas est\u00e3o internadas em leitos de UTI privados e pelo SUS. Outras<\/p>\n","protected":false},"author":2,"featured_media":12307,"comment_status":"open","ping_status":"open","sticky":false,"template":"","format":"standard","meta":{"footnotes":""},"categories":[12],"tags":[],"class_list":["post-12306","post","type-post","status-publish","format-standard","has-post-thumbnail","hentry","category-cidade"],"_links":{"self":[{"href":"https:\/\/tvc16.com\/portal\/wp-json\/wp\/v2\/posts\/12306","targetHints":{"allow":["GET"]}}],"collection":[{"href":"https:\/\/tvc16.com\/portal\/wp-json\/wp\/v2\/posts"}],"about":[{"href":"https:\/\/tvc16.com\/portal\/wp-json\/wp\/v2\/types\/post"}],"author":[{"embeddable":true,"href":"https:\/\/tvc16.com\/portal\/wp-json\/wp\/v2\/users\/2"}],"replies":[{"embeddable":true,"href":"https:\/\/tvc16.com\/portal\/wp-json\/wp\/v2\/comments?post=12306"}],"version-history":[{"count":1,"href":"https:\/\/tvc16.com\/portal\/wp-json\/wp\/v2\/posts\/12306\/revisions"}],"predecessor-version":[{"id":12308,"href":"https:\/\/tvc16.com\/portal\/wp-json\/wp\/v2\/posts\/12306\/revisions\/12308"}],"wp:featuredmedia":[{"embeddable":true,"href":"https:\/\/tvc16.com\/portal\/wp-json\/wp\/v2\/media\/12307"}],"wp:attachment":[{"href":"https:\/\/tvc16.com\/portal\/wp-json\/wp\/v2\/media?parent=12306"}],"wp:term":[{"taxonomy":"category","embeddable":true,"href":"https:\/\/tvc16.com\/portal\/wp-json\/wp\/v2\/categories?post=12306"},{"taxonomy":"post_tag","embeddable":true,"href":"https:\/\/tvc16.com\/portal\/wp-json\/wp\/v2\/tags?post=12306"}],"curies":[{"name":"wp","href":"https:\/\/api.w.org\/{rel}","templated":true}]}}