{"id":1231,"date":"2020-09-25T12:14:42","date_gmt":"2020-09-25T12:14:42","guid":{"rendered":"https:\/\/tvc16.com\/portal\/?p=1231"},"modified":"2020-09-25T12:14:42","modified_gmt":"2020-09-25T12:14:42","slug":"festival-de-musica-radio-mec-anuncia-vencedores-nesta-sexta-feira","status":"publish","type":"post","link":"https:\/\/tvc16.com\/portal\/2020\/09\/25\/festival-de-musica-radio-mec-anuncia-vencedores-nesta-sexta-feira\/","title":{"rendered":"Festival de M\u00fasica R\u00e1dio MEC anuncia vencedores nesta sexta-feira"},"content":{"rendered":"\n<p>Com recorde de votos e inscritos, cerim\u00f4nia online ser\u00e1 \u00e0s 20h<\/p>\n\n\n\n<p>Ap\u00f3s quatro meses e com 1.029 m\u00fasicas inscritas, a 12\u00aa edi\u00e7\u00e3o do Festival de M\u00fasica R\u00e1dio MEC vai anunciar as vencedoras nesta sexta-feira (25). A cerim\u00f4nia ser\u00e1 transmitida pelas p\u00e1ginas do\u00a0<a rel=\"noreferrer noopener\" href=\"https:\/\/www.facebook.com\/tvbrasil\" target=\"_blank\">Facebook<\/a>,\u00a0<a rel=\"noreferrer noopener\" href=\"https:\/\/www.youtube.com\/tvbrasil\" target=\"_blank\">YouTube<\/a>\u00a0e\u00a0<a rel=\"noreferrer noopener\" href=\"https:\/\/twitter.com\/tvbrasil\" target=\"_blank\">Twitter<\/a>\u00a0da\u00a0<strong>TV Brasil<\/strong>, pelo\u00a0<em>site<\/em>\u00a0das\u00a0<strong>R\u00e1dios EBC<\/strong>\u00a0e nesta p\u00e1gina (no player abaixo) a partir das 20h.<\/p>\n\n\n\n<p>A cerim\u00f4nia ter\u00e1 a apresenta\u00e7\u00e3o do radialista Tiago Alves e performances da Orquestra Sinf\u00f4nica Brasileira (OSB), do acordeonista Marcelo Caldi, do grupo Farra dos Brinquedos e da cantora Nilze Carvalho.<\/p>\n\n\n\n<p>Ao todo, 22 composi\u00e7\u00f5es concorrem aos nove pr\u00eamios do festival. Na final, 12 m\u00fasicas disputam&nbsp;na categoria Voto Popular, tr\u00eas m\u00fasicas ao pr\u00eamio de melhor composi\u00e7\u00e3o e melhor int\u00e9rprete na categoria M\u00fasica Cl\u00e1ssica, tr\u00eas concorrem&nbsp;ao pr\u00eamio de melhor composi\u00e7\u00e3o e melhor int\u00e9rprete na categoria M\u00fasica Instrumental, tr\u00eas ao pr\u00eamio de melhor composi\u00e7\u00e3o e melhor int\u00e9rprete na categoria M\u00fasica Infantil e outras tr\u00eas disputam o pr\u00eamio de melhor composi\u00e7\u00e3o e melhor int\u00e9rprete na categoria MPB.<\/p>\n\n\n\n<p>Classificado para a final nas categorias Voto Popular e M\u00fasica Instrumental, o m\u00fasico Ivan Melillo se diz honrado pelo reconhecimento e destaca a import\u00e2ncia do festival. \u201cO festival da MEC sempre teve muita relev\u00e2ncia no cen\u00e1rio cultural brasileiro, com ou sem pandemia. Para mim, \u00e9 um trabalho de anos sendo reconhecido\u201d, diz. Al\u00e9m de Melillo, o \u00fanico compositor classificado para a final em duas categorias \u00e9 Chico Oliveira, que morreu no in\u00edcio deste ano.<\/p>\n\n\n\n<p>A compositora \u00c2ngela Brand\u00e3o, que concorre na categoria M\u00fasica Infantil, diz que est\u00e1 ansiosa pelo resultado. \u201cEu me senti muito feliz e muito honrada de ver meu nome na final. Uma m\u00fasica nossa com a chancela da R\u00e1dio MEC \u00e9 muito especial. Agora eu t\u00f4 aqui na torcida, n\u00e9? Vamos ver\u201d, afirmou. \u00c2ngela tamb\u00e9m destacou que o Festival de M\u00fasica R\u00e1dio MEC teve uma import\u00e2ncia maior neste ano.<\/p>\n\n\n\n<blockquote class=\"wp-block-quote is-layout-flow wp-block-quote-is-layout-flow\"><p>\u201cEu acho que os festivais sempre tiveram um papel muito importante pra m\u00fasica popular brasileira, basta ver na hist\u00f3ria, n\u00e9? E agora, durante a pandemia, eles ganham um sentido novo, com&nbsp;uma oportunidade de troca e de conhecer trabalhos que, de outra forma, talvez a gente n\u00e3o viesse a conhecer. Ent\u00e3o, \u00e9 um papel muito importante, \u00e9 muito bonito\u201d.<\/p><\/blockquote>\n\n\n\n<h2 class=\"wp-block-heading\">Edi\u00e7\u00e3o de 2020 do festival teve recorde de inscri\u00e7\u00f5es e foi o primeiro totalmente&nbsp;<em>online<\/em><\/h2>\n\n\n\n<p>A edi\u00e7\u00e3o de 2020 do Festival de M\u00fasica R\u00e1dio MEC foi a primeira da hist\u00f3ria com um processo de inscri\u00e7\u00f5es e divulga\u00e7\u00e3o de resultados totalmente&nbsp;<em>online<\/em>. De acordo com Thiago Regotto, gerente da R\u00e1dio MEC, a pandemia da covid-19 for\u00e7ou a organiza\u00e7\u00e3o do evento a se reinventar:<\/p>\n\n\n\n<blockquote class=\"wp-block-quote is-layout-flow wp-block-quote-is-layout-flow\"><p>\u201cA primeira pergunta que a gente fez nesse cen\u00e1rio foi \u2018como realizar\u2019, porque \u2018n\u00e3o realizar\u2019 nunca foi uma quest\u00e3o pra gente. Foi a\u00ed que percebemos que a internet poderia ser uma grande aliada. Eu acho que os v\u00eddeos foram um grande acerto porque humanizaram&nbsp;o processo\u201d.<\/p><\/blockquote>\n\n\n\n<p>Na primeira fase do festival, vencedores de edi\u00e7\u00f5es anteriores ajudaram a divulgar que as inscri\u00e7\u00f5es estavam abertas. Na segunda fase, os 100 classificados para as semifinais pediram o voto do p\u00fablico. Na fase final, os concorrentes contaram um pouco da hist\u00f3ria das composi\u00e7\u00f5es.<\/p>\n\n\n\n<p>A divulga\u00e7\u00e3o resultou em um recorde de m\u00fasicas concorrentes e votos do p\u00fablico. Ao todos, foram 1.029 m\u00fasicas inscritas e mais de meio milh\u00e3o de votos, at\u00e9 o momento, no&nbsp;<em>site<\/em>&nbsp;do festival. \u201cO que poderia ser um problema, a limita\u00e7\u00e3o por causa&nbsp;da pandemia, fez a gente enxergar oportunidades e garantiu um bom resultado\u201d, completa Regotto.<\/p>\n\n\n\n<p><strong>Ou\u00e7a as&nbsp;<a href=\"https:\/\/radios.ebc.com.br\/festival-de-musica-radio-mec\/2020\/08\/ouca-finalistas-do-juri-no-festival-de-musica-radio-mec\">12 m\u00fasicas finalistas<\/a>&nbsp;do j\u00fari no Festival de M\u00fasica R\u00e1dio MEC.<\/strong><\/p>\n\n\n\n<p><strong>Vote na sua m\u00fasica preferida na categoria&nbsp;<a href=\"https:\/\/radios.ebc.com.br\/festivaldemusica\/votacao\/vote-nas-finalistas-do-premio-melhor-musica-voto-popular\" target=\"_blank\" rel=\"noreferrer noopener\">Voto Popular<\/a>&nbsp;(Vota\u00e7\u00e3o aberta at\u00e9 as 21h).<\/strong><\/p>\n\n\n\n<p>Por Edgard Matsuki &#8211; Bras\u00edlia<\/p>\n\n\n\n<p>Edi\u00e7\u00e3o: Beatriz Arcoverde<\/p>\n\n\n\n<figure class=\"wp-block-image\"><img decoding=\"async\" src=\"https:\/\/agenciabrasil.ebc.com.br\/ebc.png?id=1388902&amp;o=node\" alt=\"\"\/><\/figure>\n\n\n\n<figure class=\"wp-block-image\"><img decoding=\"async\" src=\"https:\/\/agenciabrasil.ebc.com.br\/ebc.gif?id=1388902&amp;o=node\" alt=\"\"\/><\/figure>\n","protected":false},"excerpt":{"rendered":"<p>Com recorde de votos e inscritos, cerim\u00f4nia online ser\u00e1 \u00e0s 20h Ap\u00f3s quatro meses e<\/p>\n","protected":false},"author":2,"featured_media":1232,"comment_status":"open","ping_status":"open","sticky":false,"template":"","format":"standard","meta":{"footnotes":""},"categories":[17],"tags":[],"class_list":["post-1231","post","type-post","status-publish","format-standard","has-post-thumbnail","hentry","category-outras-noticias"],"_links":{"self":[{"href":"https:\/\/tvc16.com\/portal\/wp-json\/wp\/v2\/posts\/1231","targetHints":{"allow":["GET"]}}],"collection":[{"href":"https:\/\/tvc16.com\/portal\/wp-json\/wp\/v2\/posts"}],"about":[{"href":"https:\/\/tvc16.com\/portal\/wp-json\/wp\/v2\/types\/post"}],"author":[{"embeddable":true,"href":"https:\/\/tvc16.com\/portal\/wp-json\/wp\/v2\/users\/2"}],"replies":[{"embeddable":true,"href":"https:\/\/tvc16.com\/portal\/wp-json\/wp\/v2\/comments?post=1231"}],"version-history":[{"count":1,"href":"https:\/\/tvc16.com\/portal\/wp-json\/wp\/v2\/posts\/1231\/revisions"}],"predecessor-version":[{"id":1233,"href":"https:\/\/tvc16.com\/portal\/wp-json\/wp\/v2\/posts\/1231\/revisions\/1233"}],"wp:featuredmedia":[{"embeddable":true,"href":"https:\/\/tvc16.com\/portal\/wp-json\/wp\/v2\/media\/1232"}],"wp:attachment":[{"href":"https:\/\/tvc16.com\/portal\/wp-json\/wp\/v2\/media?parent=1231"}],"wp:term":[{"taxonomy":"category","embeddable":true,"href":"https:\/\/tvc16.com\/portal\/wp-json\/wp\/v2\/categories?post=1231"},{"taxonomy":"post_tag","embeddable":true,"href":"https:\/\/tvc16.com\/portal\/wp-json\/wp\/v2\/tags?post=1231"}],"curies":[{"name":"wp","href":"https:\/\/api.w.org\/{rel}","templated":true}]}}