{"id":12315,"date":"2021-04-03T23:28:21","date_gmt":"2021-04-04T02:28:21","guid":{"rendered":"https:\/\/tvc16.com\/portal\/?p=12315"},"modified":"2021-04-03T23:28:23","modified_gmt":"2021-04-04T02:28:23","slug":"governo-do-estado-inaugura-hospital-na-baixada-fluminense-para-tratamento-de-pacientes-com-covid-19","status":"publish","type":"post","link":"https:\/\/tvc16.com\/portal\/2021\/04\/03\/governo-do-estado-inaugura-hospital-na-baixada-fluminense-para-tratamento-de-pacientes-com-covid-19\/","title":{"rendered":"Governo do Estado inaugura hospital na Baixada Fluminense para tratamento de pacientes com Covid-19"},"content":{"rendered":"\n<p><br><em>A unidade, em Nova Igua\u00e7u, j\u00e1 oferece 150 leitos \u00e0 popula\u00e7\u00e3o e dobrar\u00e1 a capacidade<\/em><\/p>\n\n\n\n<p><br>O governador em exerc\u00edcio Cl\u00e1udio Castro inaugurou, na manh\u00e3 deste s\u00e1bado (3), o Hospital Estadual Dr. Ricardo Cruz (HERC), em Nova Igua\u00e7u, na Baixada Fluminense. A unidade conta com 60 leitos de UTI e 90 de enfermaria, e vai ampliar ainda mais o atendimento a pacientes com Covid-19 em todo o Estado. \u00a0<\/p>\n\n\n\n<p>&#8211; Os primeiros pacientes devem chegar entre a noite de hoje e amanh\u00e3. Em pouco mais de dez dias, abrimos 547 novos leitos. \u00c9 fruto de trabalho, parceria e articula\u00e7\u00e3o. No in\u00edcio de mar\u00e7o, anunciei que a abertura seria dia 15 de abril. No entanto, antecipamos para ampliar o atendimento nesse momento de aumento do n\u00famero de casos de Covid-19. Outros leitos ser\u00e3o abertos nos pr\u00f3ximos dias &#8211; afirmou Cl\u00e1udio Castro.<\/p>\n\n\n\n<p>O hospital funcionar\u00e1, inicialmente, para o tratamento exclusivo de pacientes com Covid-19. Portanto, n\u00e3o ter\u00e1 atendimento de emerg\u00eancia. O acesso acontecer\u00e1 por meio da Central Estadual de Regula\u00e7\u00e3o (CER) de forma gradativa, atendendo a crit\u00e9rios t\u00e9cnicos.<\/p>\n\n\n\n<p>&#8211; Esse hospital \u00e9 de extrema import\u00e2ncia. Agora vai atender Covid, mas, no futuro, tratar\u00e1 outras patologias, desafogando o fluxo de pacientes na Baixada Fluminense. O processo para abertura foi todo feito dentro da lei, cumprindo todos os tr\u00e2mites legais. N\u00e3o pod\u00edamos abrir um hospital de forma a\u00e7odada, porque temos compromisso com a transpar\u00eancia e o bem-estar da popula\u00e7\u00e3o &#8211; destacou o secret\u00e1rio de Estado de Sa\u00fade, Carlos Alberto Chaves.<\/p>\n\n\n\n<p>Com capacidade para atendimentos de m\u00e9dia e alta complexidades, a &nbsp;unidade hospitalar tem 11.592,44 m2 e estrutura similar aos hospitais de grande porte do estado do Rio. S\u00e3o tr\u00eas m\u00f3dulos ambulatoriais e um administrativo, permitindo abertura de at\u00e9 300 leitos. A unidade conta ainda com refeit\u00f3rio, laborat\u00f3rio de an\u00e1lises cl\u00ednicas, centro de imagem, necrot\u00e9rio, esta\u00e7\u00e3o de tratamento de esgoto, central de gases medicinais e subesta\u00e7\u00e3o de energia. H\u00e1 ainda um sistema de filtragem de \u00e1gua para hemodi\u00e1lise.<\/p>\n\n\n\n<p>Ao todo, ser\u00e3o cerca de 500 profissionais trabalhando na nova unidade da rede estadual, entre m\u00e9dicos, enfermeiros, maqueiros, administrativos e auxiliares, entre outros.<\/p>\n\n\n\n<p><strong>Dr. Ricardo Cruz<br><\/strong>A unidade recebeu o nome em homenagem ao m\u00e9dico, que morreu em 2020, v\u00edtima da Covid-19, aos 66 anos. Ricardo Cruz foi um dos mais brilhantes cirurgi\u00f5es do pa\u00eds na especialidade cr\u00e2nio-maxilo-facial e ficou conhecido n\u00e3o somente pela capacidade t\u00e9cnica, mas tamb\u00e9m pela compaix\u00e3o que dedicava a todos os seus pacientes na sua pr\u00e1tica di\u00e1ria.<\/p>\n\n\n\n<p>&#8211; Recebemos a not\u00edcia com muita emo\u00e7\u00e3o porque \u00e9 um reconhecimento enorme voc\u00ea dar o seu nome a um hospital, ainda mais uma unidade enorme como essa. O Ricardo foi algu\u00e9m que viveu para a medicina desde dos seus 17 anos e ficaria muito feliz de saber que uma unidade na Baixada levar\u00e1 o nome dele, principalmente dedicada ao combate da Covid &#8211; disse Denise Cruz, vi\u00fava do m\u00e9dico, que compareceu \u00e0 abertura da unidade acompanhada de um de seus filhos, Andr\u00e9.<\/p>\n\n\n\n<p><strong>Abertura de leitos<br><\/strong>Desde a semana passada, em articula\u00e7\u00e3o com o Minist\u00e9rio da Sa\u00fade (MS), a SES abriu 547 leitos para atender pacientes com Covid-19.<br><br><strong>Vacina\u00e7\u00e3o<br><\/strong>At\u00e9 o momento, a SES recebeu do Minist\u00e9rio da Sa\u00fade (MS) 4.396.120 doses da vacina contra a Covid-19, sendo 3.870.520 da CoronaVac e 525.600 mil da Oxford\/AstraZeneca. At\u00e9 sexta-feira (02.04), foram distribu\u00eddas 4.374.120 doses dos imunizantes.<\/p>\n","protected":false},"excerpt":{"rendered":"<p>A unidade, em Nova Igua\u00e7u, j\u00e1 oferece 150 leitos \u00e0 popula\u00e7\u00e3o e dobrar\u00e1 a capacidade<\/p>\n","protected":false},"author":2,"featured_media":12316,"comment_status":"open","ping_status":"open","sticky":false,"template":"","format":"standard","meta":{"footnotes":""},"categories":[17],"tags":[],"class_list":["post-12315","post","type-post","status-publish","format-standard","has-post-thumbnail","hentry","category-outras-noticias"],"_links":{"self":[{"href":"https:\/\/tvc16.com\/portal\/wp-json\/wp\/v2\/posts\/12315","targetHints":{"allow":["GET"]}}],"collection":[{"href":"https:\/\/tvc16.com\/portal\/wp-json\/wp\/v2\/posts"}],"about":[{"href":"https:\/\/tvc16.com\/portal\/wp-json\/wp\/v2\/types\/post"}],"author":[{"embeddable":true,"href":"https:\/\/tvc16.com\/portal\/wp-json\/wp\/v2\/users\/2"}],"replies":[{"embeddable":true,"href":"https:\/\/tvc16.com\/portal\/wp-json\/wp\/v2\/comments?post=12315"}],"version-history":[{"count":1,"href":"https:\/\/tvc16.com\/portal\/wp-json\/wp\/v2\/posts\/12315\/revisions"}],"predecessor-version":[{"id":12317,"href":"https:\/\/tvc16.com\/portal\/wp-json\/wp\/v2\/posts\/12315\/revisions\/12317"}],"wp:featuredmedia":[{"embeddable":true,"href":"https:\/\/tvc16.com\/portal\/wp-json\/wp\/v2\/media\/12316"}],"wp:attachment":[{"href":"https:\/\/tvc16.com\/portal\/wp-json\/wp\/v2\/media?parent=12315"}],"wp:term":[{"taxonomy":"category","embeddable":true,"href":"https:\/\/tvc16.com\/portal\/wp-json\/wp\/v2\/categories?post=12315"},{"taxonomy":"post_tag","embeddable":true,"href":"https:\/\/tvc16.com\/portal\/wp-json\/wp\/v2\/tags?post=12315"}],"curies":[{"name":"wp","href":"https:\/\/api.w.org\/{rel}","templated":true}]}}