{"id":12321,"date":"2021-04-03T23:35:33","date_gmt":"2021-04-04T02:35:33","guid":{"rendered":"https:\/\/tvc16.com\/portal\/?p=12321"},"modified":"2021-04-03T23:35:35","modified_gmt":"2021-04-04T02:35:35","slug":"mapa-de-risco-da-covid-19-estado-apresenta-bandeira-roxa","status":"publish","type":"post","link":"https:\/\/tvc16.com\/portal\/2021\/04\/03\/mapa-de-risco-da-covid-19-estado-apresenta-bandeira-roxa\/","title":{"rendered":"Mapa de risco da Covid-19: estado apresenta bandeira roxa"},"content":{"rendered":"\n<p>Governo refor\u00e7a import\u00e2ncia de medidas de preven\u00e7\u00e3o, amplia leitos de interna\u00e7\u00e3o para pacientes com Covid-19 e distribui mais de 890 mil doses de vacina, neste fim de semana<\/p>\n\n\n\n<p>A 24\u00aa edi\u00e7\u00e3o do Mapa de Risco da Covid-19 mostra que a situa\u00e7\u00e3o da pandemia se encontra em risco muito alto (roxo) no Estado do Rio de Janeiro.&nbsp; As regi\u00f5es Litor\u00e2nea, Centro Sul, M\u00e9dio Para\u00edba, Metropolitana I e Norte est\u00e3o classificadas com risco muito alto (bandeira roxa); as regi\u00f5es Metropolitana II, Serrana, Noroeste e Ba\u00eda de Ilha Grande est\u00e3o classificadas com risco alto (bandeira vermelha), conforme mapa de risco da Covid-19. A an\u00e1lise compara a semana epidemiol\u00f3gica 11 (de 14 a 20 de mar\u00e7o) com a 09 (de 28 de fevereiro a 06 mar\u00e7o) de 2021.<\/p>\n\n\n\n<p>Cada bandeira representa um n\u00edvel de risco: roxa (risco muito alto), vermelha (risco alto), laranja (risco moderado), amarela (risco baixo) e verde (risco muito baixo).<\/p>\n\n\n\n<p>Na compara\u00e7\u00e3o do per\u00edodo analisado, o Rio de Janeiro apresentou um aumento no n\u00famero de \u00f3bitos (29%) e tamb\u00e9m de casos de interna\u00e7\u00f5es por s\u00edndrome respirat\u00f3ria aguda grave (26%). As taxas de ocupa\u00e7\u00e3o de leitos do estado, nesta sexta-feira (02.04), est\u00e3o em 90% para UTI, e em 80,7% para enfermaria. Os resultados dos indicadores auxiliam na tomada de decis\u00e3o dos gestores p\u00fablicos, al\u00e9m de informar a necessidade de ado\u00e7\u00e3o de medidas restritivas, conforme o n\u00edvel de risco de cada regi\u00e3o.<\/p>\n\n\n\n<p><strong>Abertura de leitos<\/strong>&nbsp;\u2013 A Secretaria de Estado de Sa\u00fade abre a partir deste s\u00e1bado (03.03), de forma gradativa, 150 leitos no Hospital Estadual Dr. Ricardo Cruz, em Nova Igua\u00e7u, na Baixada Fluminense. S\u00e3o 60 leitos de UTI e 90 de enfermaria para atender, neste momento, exclusivamente pacientes com Covid-19.<\/p>\n\n\n\n<p>Al\u00e9m disso, a Secretaria de Estado de Sa\u00fade (SES) refor\u00e7a que vem trabalhando diuturnamente para aumentar a oferta de leitos para atendimento a casos de Covid. Desde a semana passada, em articula\u00e7\u00e3o com o Minist\u00e9rio da Sa\u00fade (MS), foram abertos mais de 400 leitos para tratamento de pacientes com Covid-19.<\/p>\n\n\n\n<p><strong>Distribui\u00e7\u00e3o de vacinas<\/strong>&nbsp;\u2013 A SES distribuiu nesta sexta-feira (02.04) aos 92 munic\u00edpios do estado 896.400 doses da vacina contra a Covid-19, sendo 825.400 da CoronaVac e 71 mil da Oxford\/AstraZeneca. As cidades do Rio, Niter\u00f3i, S\u00e3o Gon\u00e7alo e Maric\u00e1 fizeram a retirada por via terrestre, na Coordena\u00e7\u00e3o Geral de Armazenagem (CGA) da SES, em Niter\u00f3i. J\u00e1 para os outros 88 munic\u00edpios, a distribui\u00e7\u00e3o foi feita por sete helic\u00f3pteros, sendo dois do Governo do Estado, dois da Secretaria de Estado de Pol\u00edcia Civil, dois do Corpo de Bombeiros e um da Secretaria de Estado de Pol\u00edcia Militar.&nbsp; As aeronaves sa\u00edram do Grupamento Aerom\u00f3vel da Pol\u00edcia Militar e do 12\u00ba BPM, em Niter\u00f3i.<\/p>\n\n\n\n<p><strong>Doses recebidas e enviadas<\/strong>&nbsp;\u2013 A SES recebeu do Minist\u00e9rio da Sa\u00fade (MS), at\u00e9 esta quinta-feira (01.04), 4.391.120 doses da vacina contra a Covid-19, sendo 3.865.520 da CoronaVac e 525.600 da Oxford\/AstraZeneca. Com as entregas realizadas nesta sexta-feira (02.04), foram distribu\u00eddas 4.374.120 doses dos imunizantes, sendo 2.749.540 para primeira aplica\u00e7\u00e3o e 1.624.580 para segunda aplica\u00e7\u00e3o.<\/p>\n\n\n\n<p><strong>Vacina\u00e7\u00e3o<\/strong>&nbsp;\u2013 At\u00e9 as 9h desta sexta-feira (02.04), o estado registrava 1.228.026 de pessoas vacinadas com a primeira dose e 360.678 com a segunda. O vacin\u00f4metro pode ser acessado pelo site:&nbsp;<a rel=\"noreferrer noopener\" target=\"_blank\" href=\"https:\/\/vacinacaocovid19.saude.rj.gov.br\/\">https:\/\/vacinacaocovid19.saude.rj.gov.br\/<\/a><\/p>\n\n\n\n<p>Nota T\u00e9cnica SIEVS\/CIV N\u00ba 17\/2021<\/p>\n\n\n\n<p>Painel de Indicadores &#8211; 24\u00aa atualiza\u00e7\u00e3o<\/p>\n","protected":false},"excerpt":{"rendered":"<p>Governo refor\u00e7a import\u00e2ncia de medidas de preven\u00e7\u00e3o, amplia leitos de interna\u00e7\u00e3o para pacientes com Covid-19<\/p>\n","protected":false},"author":2,"featured_media":12322,"comment_status":"open","ping_status":"open","sticky":false,"template":"","format":"standard","meta":{"footnotes":""},"categories":[17],"tags":[],"class_list":["post-12321","post","type-post","status-publish","format-standard","has-post-thumbnail","hentry","category-outras-noticias"],"_links":{"self":[{"href":"https:\/\/tvc16.com\/portal\/wp-json\/wp\/v2\/posts\/12321","targetHints":{"allow":["GET"]}}],"collection":[{"href":"https:\/\/tvc16.com\/portal\/wp-json\/wp\/v2\/posts"}],"about":[{"href":"https:\/\/tvc16.com\/portal\/wp-json\/wp\/v2\/types\/post"}],"author":[{"embeddable":true,"href":"https:\/\/tvc16.com\/portal\/wp-json\/wp\/v2\/users\/2"}],"replies":[{"embeddable":true,"href":"https:\/\/tvc16.com\/portal\/wp-json\/wp\/v2\/comments?post=12321"}],"version-history":[{"count":1,"href":"https:\/\/tvc16.com\/portal\/wp-json\/wp\/v2\/posts\/12321\/revisions"}],"predecessor-version":[{"id":12323,"href":"https:\/\/tvc16.com\/portal\/wp-json\/wp\/v2\/posts\/12321\/revisions\/12323"}],"wp:featuredmedia":[{"embeddable":true,"href":"https:\/\/tvc16.com\/portal\/wp-json\/wp\/v2\/media\/12322"}],"wp:attachment":[{"href":"https:\/\/tvc16.com\/portal\/wp-json\/wp\/v2\/media?parent=12321"}],"wp:term":[{"taxonomy":"category","embeddable":true,"href":"https:\/\/tvc16.com\/portal\/wp-json\/wp\/v2\/categories?post=12321"},{"taxonomy":"post_tag","embeddable":true,"href":"https:\/\/tvc16.com\/portal\/wp-json\/wp\/v2\/tags?post=12321"}],"curies":[{"name":"wp","href":"https:\/\/api.w.org\/{rel}","templated":true}]}}