{"id":12328,"date":"2021-04-03T23:41:01","date_gmt":"2021-04-04T02:41:01","guid":{"rendered":"https:\/\/tvc16.com\/portal\/?p=12328"},"modified":"2021-04-03T23:41:03","modified_gmt":"2021-04-04T02:41:03","slug":"juvrio-lanca-programa-que-visa-capacitar-jovens-e-adolescentes-para-mercado-de-trabalho","status":"publish","type":"post","link":"https:\/\/tvc16.com\/portal\/2021\/04\/03\/juvrio-lanca-programa-que-visa-capacitar-jovens-e-adolescentes-para-mercado-de-trabalho\/","title":{"rendered":"JUVRio lan\u00e7a programa que visa capacitar jovens e adolescentes para mercado de trabalho"},"content":{"rendered":"\n<p>Data de publica\u00e7\u00e3o: 03 de Abril de 2021, 00:00h<\/p>\n\n\n\n<p>Ao todo, s\u00e3o 90 vagas para o curso que visa incentivar os jovens a aprenderem a lidar consigo mesmos, com os outros e com os desafios da vida.<\/p>\n\n\n\n<p>Lan\u00e7ado pela Secretaria Especial da Juventude Carioca, o Emprega JUV, \u00e9 um programa que trata de empregabilidade e capacita\u00e7\u00e3o para adolescentes e jovens com idade entre 14 a 29 anos. A a\u00e7\u00e3o est\u00e1 conectada \u00e0 iniciativa Um Milh\u00e3o de Oportunidades (1MiO) &#8211; plataforma que tem o objetivo de beneficiar jovens, com foco nos que est\u00e3o em situa\u00e7\u00e3o de vulnerabilidade.<\/p>\n\n\n\n<p>Ao todo, s\u00e3o 90 vagas para o curso que visa incentivar os jovens a aprenderem a lidar consigo mesmos, com os outros e com os desafios da vida. Com isso, o intuito \u00e9 que os participantes possam ter acesso a melhores oportunidades no mercado de trabalho.<\/p>\n\n\n\n<p><a href=\"https:\/\/brasil61.com\/noticias\/o-grande-impacto-dessa-pandemia-na-questao-economica-esta-nas-micro-e-pequenas-empresas-afirma-o-deputado-alexis-fonteyne-novo-sp-pind212546\"><strong>\u201cO grande impacto dessa pandemia na quest\u00e3o econ\u00f4mica est\u00e1 nas micro e pequenas empresas\u201d, afirma o deputado Alexis Fonteyne<\/strong><\/a><\/p>\n\n\n\n<p><a href=\"https:\/\/brasil61.com\/noticias\/hospital-universitario-de-sergipe-tem-cirurgia-pioneira-para-tratar-perda-de-olfato-causada-pela-covid-19-bras214380\"><strong>Hospital Universit\u00e1rio de Sergipe tem cirurgia pioneira para tratar perda de olfato causada pela Covid-19<\/strong><\/a><\/p>\n\n\n\n<p>As inscri\u00e7\u00f5es podem ser feitas em um link dispon\u00edvel no site da Secretaria Especial da Juventude Carioca. Essa \u00e9 a primeira a\u00e7\u00e3o do Emprega JUV, que vai auxiliar a juventude da cidade na busca de uma oportunidade de trabalho e ajudar empresas a atender a Lei da Aprendizagem.<\/p>\n\n\n\n<p>O programa vai promover a inclus\u00e3o profissional de jovens em situa\u00e7\u00e3o de vulnerabilidade social por meio de orienta\u00e7\u00e3o profissional, oferta de oportunidade de qualifica\u00e7\u00e3o e inser\u00e7\u00e3o no mercado de trabalho.<br>&nbsp;<\/p>\n\n\n\n<p>Fonte: <a href=\"https:\/\/brasil61.com\/noticias\/juvrio-lanca-programa-que-visa-capacitar-jovens-e-adolescentes-para-mercado-de-trabalho-bras214394?email=bethdeoliveira@yahoo.com.br&amp;utm_source=email_individual&amp;utm_medium=email_individual&amp;utm_campaign=email_individual\" target=\"_blank\" rel=\"noreferrer noopener\">Brasil 61<\/a><\/p>\n","protected":false},"excerpt":{"rendered":"<p>Data de publica\u00e7\u00e3o: 03 de Abril de 2021, 00:00h Ao todo, s\u00e3o 90 vagas para<\/p>\n","protected":false},"author":2,"featured_media":12329,"comment_status":"open","ping_status":"open","sticky":false,"template":"","format":"standard","meta":{"footnotes":""},"categories":[17],"tags":[],"class_list":["post-12328","post","type-post","status-publish","format-standard","has-post-thumbnail","hentry","category-outras-noticias"],"_links":{"self":[{"href":"https:\/\/tvc16.com\/portal\/wp-json\/wp\/v2\/posts\/12328","targetHints":{"allow":["GET"]}}],"collection":[{"href":"https:\/\/tvc16.com\/portal\/wp-json\/wp\/v2\/posts"}],"about":[{"href":"https:\/\/tvc16.com\/portal\/wp-json\/wp\/v2\/types\/post"}],"author":[{"embeddable":true,"href":"https:\/\/tvc16.com\/portal\/wp-json\/wp\/v2\/users\/2"}],"replies":[{"embeddable":true,"href":"https:\/\/tvc16.com\/portal\/wp-json\/wp\/v2\/comments?post=12328"}],"version-history":[{"count":1,"href":"https:\/\/tvc16.com\/portal\/wp-json\/wp\/v2\/posts\/12328\/revisions"}],"predecessor-version":[{"id":12330,"href":"https:\/\/tvc16.com\/portal\/wp-json\/wp\/v2\/posts\/12328\/revisions\/12330"}],"wp:featuredmedia":[{"embeddable":true,"href":"https:\/\/tvc16.com\/portal\/wp-json\/wp\/v2\/media\/12329"}],"wp:attachment":[{"href":"https:\/\/tvc16.com\/portal\/wp-json\/wp\/v2\/media?parent=12328"}],"wp:term":[{"taxonomy":"category","embeddable":true,"href":"https:\/\/tvc16.com\/portal\/wp-json\/wp\/v2\/categories?post=12328"},{"taxonomy":"post_tag","embeddable":true,"href":"https:\/\/tvc16.com\/portal\/wp-json\/wp\/v2\/tags?post=12328"}],"curies":[{"name":"wp","href":"https:\/\/api.w.org\/{rel}","templated":true}]}}