{"id":12331,"date":"2021-04-03T23:43:06","date_gmt":"2021-04-04T02:43:06","guid":{"rendered":"https:\/\/tvc16.com\/portal\/?p=12331"},"modified":"2021-04-03T23:43:08","modified_gmt":"2021-04-04T02:43:08","slug":"nova-iguacu-vai-vacinar-pessoas-de-66-a-68-anos-e-profissionais-de-saude-de-32-a-34-anos-na-proxima-semana","status":"publish","type":"post","link":"https:\/\/tvc16.com\/portal\/2021\/04\/03\/nova-iguacu-vai-vacinar-pessoas-de-66-a-68-anos-e-profissionais-de-saude-de-32-a-34-anos-na-proxima-semana\/","title":{"rendered":"Nova Igua\u00e7u vai vacinar pessoas de 66 a 68 anos e profissionais de sa\u00fade de 32 a 34 anos na pr\u00f3xima semana"},"content":{"rendered":"\n<p><br>A Prefeitura de Nova Igua\u00e7u ter\u00e1 como p\u00fablico-alvo para a vacina\u00e7\u00e3o contra a Covid-19, na pr\u00f3xima semana, pessoas entre 66 e 68 anos e profissionais da sa\u00fade com idades entre 32 e 34 anos. A programa\u00e7\u00e3o come\u00e7a na segunda-feira (5) com mulheres de 68 anos, enquanto na ter\u00e7a-feira (6) ser\u00e1 a vez dos homens desta faixa et\u00e1ria. Na quarta-feira (7), ser\u00e3o imunizadas as mulheres de 67 anos e, na quinta-feira (8), os homens desta idade. As mulheres de 66 anos ser\u00e3o vacinadas na sexta-feira (9) e, no s\u00e1bado (10), os homens de 66 anos.<\/p>\n\n\n\n<p>Os profissionais de sa\u00fade tamb\u00e9m seguem na programa\u00e7\u00e3o de imuniza\u00e7\u00e3o. Na segunda-feira (5) ser\u00e3o as mulheres com idade igual ou acima de 34 anos, enquanto na ter\u00e7a-feira (6) ser\u00e1 o dia dos homens desta idade. Na quarta-feira (7), as mulheres de 33 anos ou mais ser\u00e3o vacinadas. Na quinta-feira (8), ser\u00e1 a vez dos homens profissionais com 33 anos. Na sexta-feira (9), mulheres de 32 anos ou mais ser\u00e3o imunizadas e, no s\u00e1bado (10), os homens com idade igual ou acima de 32.<\/p>\n\n\n\n<p>Entre os profissionais est\u00e3o m\u00e9dicos, enfermeiros, nutricionistas, profissionais de educa\u00e7\u00e3o f\u00edsica, fisioterapeutas, terapeutas ocupacionais, bi\u00f3logos, biom\u00e9dicos, farmac\u00eauticos, odont\u00f3logos, fonoaudi\u00f3logos, psic\u00f3logos, assistentes sociais, m\u00e9dicos veterin\u00e1rios, t\u00e9cnicos de laborat\u00f3rio, t\u00e9cnicos de enfermagem, t\u00e9cnicos de radiologia e t\u00e9cnicos de higiene bucal.<\/p>\n\n\n\n<p>A aplica\u00e7\u00e3o de segunda dose do imunizante tamb\u00e9m ser\u00e1 realizada, seguindo a divis\u00e3o de g\u00eanero. Ser\u00e3o esperados os profissionais de sa\u00fade e os idosos maiores de 73 anos vacinados at\u00e9 o dia 26 de mar\u00e7o. \u00c9 importante ressaltar que apenas aqueles que tomaram CoronaVac ir\u00e3o receber a segunda dose neste momento, visto que o intervalo entre a primeira e segunda dose \u00e9 de 14 a 28 dias. Quem tiver com o prazo da segunda aplica\u00e7\u00e3o ultrapassado, tamb\u00e9m poder\u00e1 comparecer para garantir a completa imuniza\u00e7\u00e3o.<\/p>\n\n\n\n<p>Para ser vacinado, \u00e9 preciso apresentar carteira de identidade, CPF, Cart\u00e3o do SUS, comprovante de resid\u00eancia e carteira do Conselho profissional ativa, no caso dos profissionais de sa\u00fade. Os profissionais de Sa\u00fade das unidades da Secretaria Municipal de Sa\u00fade devem apresentar crach\u00e1 ou comprovante de v\u00ednculo com a SEMUS.&nbsp; O hor\u00e1rio de funcionamento da campanha \u00e9 das 8h30 \u00e0s 16h, com exce\u00e7\u00e3o do s\u00e1bado, quando o encerramento ser\u00e1 \u00e0s 14h.<\/p>\n","protected":false},"excerpt":{"rendered":"<p>A Prefeitura de Nova Igua\u00e7u ter\u00e1 como p\u00fablico-alvo para a vacina\u00e7\u00e3o contra a Covid-19, na<\/p>\n","protected":false},"author":2,"featured_media":12332,"comment_status":"open","ping_status":"open","sticky":false,"template":"","format":"standard","meta":{"footnotes":""},"categories":[17],"tags":[],"class_list":["post-12331","post","type-post","status-publish","format-standard","has-post-thumbnail","hentry","category-outras-noticias"],"_links":{"self":[{"href":"https:\/\/tvc16.com\/portal\/wp-json\/wp\/v2\/posts\/12331","targetHints":{"allow":["GET"]}}],"collection":[{"href":"https:\/\/tvc16.com\/portal\/wp-json\/wp\/v2\/posts"}],"about":[{"href":"https:\/\/tvc16.com\/portal\/wp-json\/wp\/v2\/types\/post"}],"author":[{"embeddable":true,"href":"https:\/\/tvc16.com\/portal\/wp-json\/wp\/v2\/users\/2"}],"replies":[{"embeddable":true,"href":"https:\/\/tvc16.com\/portal\/wp-json\/wp\/v2\/comments?post=12331"}],"version-history":[{"count":1,"href":"https:\/\/tvc16.com\/portal\/wp-json\/wp\/v2\/posts\/12331\/revisions"}],"predecessor-version":[{"id":12333,"href":"https:\/\/tvc16.com\/portal\/wp-json\/wp\/v2\/posts\/12331\/revisions\/12333"}],"wp:featuredmedia":[{"embeddable":true,"href":"https:\/\/tvc16.com\/portal\/wp-json\/wp\/v2\/media\/12332"}],"wp:attachment":[{"href":"https:\/\/tvc16.com\/portal\/wp-json\/wp\/v2\/media?parent=12331"}],"wp:term":[{"taxonomy":"category","embeddable":true,"href":"https:\/\/tvc16.com\/portal\/wp-json\/wp\/v2\/categories?post=12331"},{"taxonomy":"post_tag","embeddable":true,"href":"https:\/\/tvc16.com\/portal\/wp-json\/wp\/v2\/tags?post=12331"}],"curies":[{"name":"wp","href":"https:\/\/api.w.org\/{rel}","templated":true}]}}