{"id":12334,"date":"2021-04-03T23:45:52","date_gmt":"2021-04-04T02:45:52","guid":{"rendered":"https:\/\/tvc16.com\/portal\/?p=12334"},"modified":"2021-04-03T23:45:54","modified_gmt":"2021-04-04T02:45:54","slug":"recuperacao-da-economia-depende-do-avanco-da-vacinacao","status":"publish","type":"post","link":"https:\/\/tvc16.com\/portal\/2021\/04\/03\/recuperacao-da-economia-depende-do-avanco-da-vacinacao\/","title":{"rendered":"Recupera\u00e7\u00e3o da economia depende do avan\u00e7o da vacina\u00e7\u00e3o"},"content":{"rendered":"\n<p>Aponta o Relat\u00f3rio de Acompanhamento Fiscal (RAF) do m\u00eas de mar\u00e7o, produzido pela Institui\u00e7\u00e3o Fiscal Independente (IFI), \u00f3rg\u00e3o vinculado ao Senado Federal<\/p>\n\n\n\n<p>A lentid\u00e3o da vacina\u00e7\u00e3o contra a Covid-19 afeta n\u00e3o s\u00f3 a sa\u00fade, impossibilitando frear o crescimento de mortes em decorr\u00eancia da doen\u00e7a no Brasil, mas tamb\u00e9m atrasa a recupera\u00e7\u00e3o econ\u00f4mica do pa\u00eds.&nbsp;<\/p>\n\n\n\n<p>\u00c9 isso que aponta o Relat\u00f3rio de Acompanhamento Fiscal (RAF) do m\u00eas de mar\u00e7o, produzido pela Institui\u00e7\u00e3o Fiscal Independente (IFI), \u00f3rg\u00e3o vinculado ao Senado Federal. O estudo mostra uma proje\u00e7\u00e3o de crescimento da economia em 3% neste ano, mas pontua que a estimativa positiva depende de uma recupera\u00e7\u00e3o no segundo semestre, \u201ccondicionada ao avan\u00e7o da vacina\u00e7\u00e3o de parte substancial da popula\u00e7\u00e3o\u201d.<\/p>\n\n\n\n<p>Isso porque o primeiro trimestre corre risco de recess\u00e3o t\u00e9cnica, um termo utilizado por economistas para caracterizar dois trimestres seguidos de queda do Produto Interno Bruto (PIB). O relat\u00f3rio exp\u00f5e como o avan\u00e7o da dissemina\u00e7\u00e3o do novo coronav\u00edrus no Brasil afeta a economia.<\/p>\n\n\n\n<p>Felipe Salto, economista e diretor-executivo da IFI, afirmou que a chance de retomada financeira neste ano vem da imuniza\u00e7\u00e3o. \u201cNo segundo semestre, se a vacina\u00e7\u00e3o estiver avan\u00e7ada, isso poder\u00e1 dar alguma esperan\u00e7a em termos de recupera\u00e7\u00e3o da economia neste ano de 2021\u201d. Ele detalha ainda que o cen\u00e1rio atual da pandemia torna as medidas de distanciamento necess\u00e1rias, mas elas impactam consideravelmente na proje\u00e7\u00e3o do PIB.<\/p>\n\n\n\n<figure class=\"wp-block-image\"><img decoding=\"async\" src=\"\/\/s3-sa-east-1.amazonaws.com\/agencia-radio-arb\/3882\/content_WhatsApp_Image_2021-04-01_at_17.56.24.jpeg\" alt=\"\" title=\"Arte: Brasil 61\"\/><\/figure>\n\n\n\n<p>\u201cO relat\u00f3rio de acompanhamento fiscal trouxe um exerc\u00edcio de simula\u00e7\u00e3o que permite comparar os efeitos de medidas restritivas, como o lockdown, de acordo com a abrang\u00eancia setorial e o n\u00famero de semanas em ado\u00e7\u00e3o dessas medidas. Por exemplo, nossa proje\u00e7\u00e3o hoje para o crescimento da economia \u00e9 de 3%. Mas, se houver necessidade de lockdown, por exemplo, por um m\u00eas, uma paralisa\u00e7\u00e3o setorial de cerca de 50% dos setores de produ\u00e7\u00e3o, isso tiraria 1 ponto percentual da taxa de crescimento prevista. Ia para 2%\u201d, estima Felipe.&nbsp;<\/p>\n\n\n\n<p>O economista pontua ainda que o exerc\u00edcio realizado na pesquisa mostra a import\u00e2ncia de ampliar a quantidade de doses aplicadas \u00e0 popula\u00e7\u00e3o. \u201cQuanto mais r\u00e1pida for a vacina\u00e7\u00e3o, menores ser\u00e3o as necessidades e medidas de restri\u00e7\u00e3o. Esse \u00e9 o ponto central, principal da an\u00e1lise\u201d, finaliza.<\/p>\n\n\n\n<p>O texto deixa claro que a interpreta\u00e7\u00e3o dos dados n\u00e3o pode levar \u00e0 cren\u00e7a de que poss\u00edveis fechamentos devem ser sempre evitados. \u201cAs medidas s\u00e3o necess\u00e1rias para evitar o espalhamento do v\u00edrus e ter\u00e3o de durar tanto tempo quanto o pa\u00eds demorar a vacinar um percentual relevante da popula\u00e7\u00e3o brasileira\u201d, diz o relat\u00f3rio.<\/p>\n\n\n\n<h2 class=\"wp-block-heading\">Caminhos para crescimento<\/h2>\n\n\n\n<p>Outro destaque do relat\u00f3rio \u00e9 a an\u00e1lise sobre o impulso causado pelo aux\u00edlio emergencial. A pesquisa aponta que se n\u00e3o fosse o pagamento do benef\u00edcio, \u201co impacto negativo sobre o PIB decorrente da retra\u00e7\u00e3o do consumo das fam\u00edlias teria sido ainda mais expressivo, em fun\u00e7\u00e3o dos efeitos do distanciamento social e da deteriora\u00e7\u00e3o do mercado de trabalho, evidenciada pela pronunciada queda nas contrata\u00e7\u00f5es\u201d.&nbsp;<\/p>\n\n\n\n<p><a href=\"https:\/\/brasil61.com\/noticias\/acordos-coletivos-construidos-em-outro-contexto-economico-precisam-ser-revistos-para-preservar-empregos-destaca-o-deputado-marcelo-ramos-pind212549\" target=\"_blank\" rel=\"noreferrer noopener\"><strong>\u201cAcordos coletivos constru\u00eddos em outro contexto econ\u00f4mico precisam ser revistos para preservar empregos\u201d, destaca o deputado Marcelo Ramos<\/strong><\/a><\/p>\n\n\n\n<p><a href=\"https:\/\/brasil61.com\/noticias\/o-grande-impacto-dessa-pandemia-na-questao-economica-esta-nas-micro-e-pequenas-empresas-afirma-o-deputado-alexis-fonteyne-novo-sp-pind212546\" target=\"_blank\" rel=\"noreferrer noopener\"><strong>\u201cO grande impacto dessa pandemia na quest\u00e3o econ\u00f4mica est\u00e1 nas micro e pequenas empresas\u201d, afirma o deputado Alexis Fonteyne<\/strong><\/a><\/p>\n\n\n\n<p><a href=\"https:\/\/brasil61.com\/noticias\/melhor-forma-de-erradicar-a-miseria-e-dar-dinheiro-para-o-pobre-diz-guedes-no-senado-bras214326\" target=\"_blank\" rel=\"noreferrer noopener\"><strong>\u201cMelhor forma de erradicar a mis\u00e9ria \u00e9 dar dinheiro para o pobre\u201d, diz Guedes no Senado<\/strong><\/a><\/p>\n\n\n\n<p>O ministro da Economia, Paulo Guedes, foi sabatinado no Senado Federal em audi\u00eancia p\u00fablica da Comiss\u00e3o Tempor\u00e1ria da Covid-19 e estimou que h\u00e1 como mudar o contexto pand\u00eamico do Brasil em cerca de um m\u00eas, o que geraria um novo cen\u00e1rio econ\u00f4mico.<\/p>\n\n\n\n<p>\u201cO rein\u00edcio do distanciamento social, evidentemente, \u00e9 para desacelerar a velocidade de cont\u00e1gio. Ao mesmo tempo, temos que acelerar o ritmo de vacina\u00e7\u00e3o. Se vacinarmos um milh\u00e3o de pessoas por dia, sendo que temos 15% de idosos no Brasil, ou seja, pouco mais de 30 milh\u00f5es, n\u00f3s vacinaremos todos os idosos em pouco mais de um m\u00eas. N\u00f3s, em 40 dias, temos um novo cen\u00e1rio\u201d, enumerou.<\/p>\n\n\n\n<p>O relat\u00f3rio do IFI lembra tamb\u00e9m que o Aux\u00edlio Emergencial 2021 ser\u00e1 pago a partir deste m\u00eas de abril, o que estimula o consumo familiar e impacta no PIB. Os pagamentos alcan\u00e7am aproximadamente 45,6 milh\u00f5es de fam\u00edlias, com um benef\u00edcio m\u00e9dio de R$ 241,23 mensais.<\/p>\n\n\n\n<p>Fonte: <a href=\"https:\/\/brasil61.com\/noticias\/alem-de-vidas-brasil-tambem-perde-economicamente-com-vacinacao-lenta-bras214422?email=bethdeoliveira@yahoo.com.br&amp;utm_source=newsletter&amp;utm_medium=newsletter&amp;utm_campaign=newsletter\" target=\"_blank\" rel=\"noreferrer noopener\">Brasil 61<\/a><\/p>\n","protected":false},"excerpt":{"rendered":"<p>Aponta o Relat\u00f3rio de Acompanhamento Fiscal (RAF) do m\u00eas de mar\u00e7o, produzido pela Institui\u00e7\u00e3o Fiscal<\/p>\n","protected":false},"author":2,"featured_media":12335,"comment_status":"open","ping_status":"open","sticky":false,"template":"","format":"standard","meta":{"footnotes":""},"categories":[17],"tags":[],"class_list":["post-12334","post","type-post","status-publish","format-standard","has-post-thumbnail","hentry","category-outras-noticias"],"_links":{"self":[{"href":"https:\/\/tvc16.com\/portal\/wp-json\/wp\/v2\/posts\/12334","targetHints":{"allow":["GET"]}}],"collection":[{"href":"https:\/\/tvc16.com\/portal\/wp-json\/wp\/v2\/posts"}],"about":[{"href":"https:\/\/tvc16.com\/portal\/wp-json\/wp\/v2\/types\/post"}],"author":[{"embeddable":true,"href":"https:\/\/tvc16.com\/portal\/wp-json\/wp\/v2\/users\/2"}],"replies":[{"embeddable":true,"href":"https:\/\/tvc16.com\/portal\/wp-json\/wp\/v2\/comments?post=12334"}],"version-history":[{"count":1,"href":"https:\/\/tvc16.com\/portal\/wp-json\/wp\/v2\/posts\/12334\/revisions"}],"predecessor-version":[{"id":12336,"href":"https:\/\/tvc16.com\/portal\/wp-json\/wp\/v2\/posts\/12334\/revisions\/12336"}],"wp:featuredmedia":[{"embeddable":true,"href":"https:\/\/tvc16.com\/portal\/wp-json\/wp\/v2\/media\/12335"}],"wp:attachment":[{"href":"https:\/\/tvc16.com\/portal\/wp-json\/wp\/v2\/media?parent=12334"}],"wp:term":[{"taxonomy":"category","embeddable":true,"href":"https:\/\/tvc16.com\/portal\/wp-json\/wp\/v2\/categories?post=12334"},{"taxonomy":"post_tag","embeddable":true,"href":"https:\/\/tvc16.com\/portal\/wp-json\/wp\/v2\/tags?post=12334"}],"curies":[{"name":"wp","href":"https:\/\/api.w.org\/{rel}","templated":true}]}}